{"id":2243,"date":"2012-04-28T17:00:53","date_gmt":"2012-04-28T15:00:53","guid":{"rendered":"http:\/\/jlggb.net\/blog3\/?p=2243"},"modified":"2020-08-23T11:49:17","modified_gmt":"2020-08-23T09:49:17","slug":"le-regard-du-maitre","status":"publish","type":"post","link":"https:\/\/jlggb.net\/blog3\/?p=2243","title":{"rendered":"Le regard du ma\u00eetre"},"content":{"rendered":"<p><a href=\"https:\/\/jlggb.net\/blog3\/wp-content\/uploads\/2012\/04\/doisneau-metro.jpg\" data-rel=\"lightbox-image-0\" data-imagelightbox=\"0\" data-rl_title=\"\" data-rl_caption=\"\"><img loading=\"lazy\" decoding=\"async\" class=\"alignnone size-full wp-image-2245\" title=\"\" src=\"https:\/\/jlggb.net\/blog3\/wp-content\/uploads\/2012\/04\/doisneau-metro.jpg\" alt=\"\" width=\"640\" height=\"480\" srcset=\"https:\/\/jlggb.net\/blog3\/wp-content\/uploads\/2012\/04\/doisneau-metro.jpg 1280w, https:\/\/jlggb.net\/blog3\/wp-content\/uploads\/2012\/04\/doisneau-metro-300x225.jpg 300w, https:\/\/jlggb.net\/blog3\/wp-content\/uploads\/2012\/04\/doisneau-metro-1024x768.jpg 1024w, https:\/\/jlggb.net\/blog3\/wp-content\/uploads\/2012\/04\/doisneau-metro-150x112.jpg 150w\" sizes=\"auto, (max-width: 640px) 100vw, 640px\" \/><\/a><br \/>\nSamedi 28 avril 2012, 16h, station de m\u00e9tro H\u00f4tel de ville, Paris. L&rsquo;exposition Robert Doisneau sur le th\u00e8me des halles a \u00e9t\u00e9 l&rsquo;occasion d&rsquo;une nouvelle \u00ab d\u00e9coration \u00bb des quais. Pas tr\u00e8s heureux, pas tr\u00e8s bien faits, inutilement vulgarisateurs, ces panneaux semblent renforcer les st\u00e9r\u00e9otypes attach\u00e9s \u00e0 l&rsquo;\u0153uvre de Robert Doisneau. Toujours est-il que, depuis le wagon, je me trouve exactement face au Rolleiflex \u2014 mod\u00e8le \u00ab\u00a0Standard \u00bb des ann\u00e9es trente \u2014 et au regard du ma\u00eetre. En v\u00e9rit\u00e9, ce regard nous atteint, mais pas tout \u00e0 fait, car Doisneau, il me semble, se photographiant dans un miroir, ne regarde pas l&rsquo;objectif de son appareil mais se regarde lui-m\u00eame dans les yeux.<br \/>\nVoir&nbsp;:<br \/>\n<a href=\"https:\/\/jlggb.net\/blog3\/?p=1912\" target=\"_blank\" rel=\"noopener\">https:\/\/jlggb.net\/blog3\/?p=1912<\/a><br \/>\n<a href=\"https:\/\/jlggb.net\/blog3\/?p=1546\" target=\"_blank\" rel=\"noopener\">https:\/\/jlggb.net\/blog3\/?p=1546<\/a><\/p>\n<blockquote><p><a href=\"https:\/\/jlggb.net\/blog3\/wp-content\/uploads\/2012\/04\/doisneau-autoportrait-dr.jpg\" data-rel=\"lightbox-image-1\" data-imagelightbox=\"1\" data-rl_title=\"\" data-rl_caption=\"\"><img loading=\"lazy\" decoding=\"async\" class=\"alignnone size-full wp-image-2896\" title=\"\" src=\"https:\/\/jlggb.net\/blog3\/wp-content\/uploads\/2012\/04\/doisneau-autoportrait-dr.jpg\" alt=\"\" width=\"320\" height=\"320\" srcset=\"https:\/\/jlggb.net\/blog3\/wp-content\/uploads\/2012\/04\/doisneau-autoportrait-dr.jpg 480w, https:\/\/jlggb.net\/blog3\/wp-content\/uploads\/2012\/04\/doisneau-autoportrait-dr-150x150.jpg 150w, https:\/\/jlggb.net\/blog3\/wp-content\/uploads\/2012\/04\/doisneau-autoportrait-dr-300x300.jpg 300w\" sizes=\"auto, (max-width: 320px) 100vw, 320px\" \/><br \/>\n<\/a>Robert Doisneau, <em>Autoportrait<\/em> (dr).<a href=\"https:\/\/jlggb.net\/blog3\/wp-content\/uploads\/2012\/04\/doisneau-autoportrait-dr.jpg\" data-rel=\"lightbox-image-2\" data-imagelightbox=\"2\" data-rl_title=\"\" data-rl_caption=\"\" title=\"\"><br \/>\n<\/a><\/p><\/blockquote>\n","protected":false},"excerpt":{"rendered":"<p>Samedi 28 avril 2012, 16h, station de m\u00e9tro H\u00f4tel de ville, Paris. L&rsquo;exposition Robert Doisneau sur le th\u00e8me des halles a \u00e9t\u00e9 l&rsquo;occasion d&rsquo;une nouvelle \u00ab d\u00e9coration \u00bb des quais. Pas tr\u00e8s heureux, pas tr\u00e8s bien faits, inutilement vulgarisateurs, ces panneaux semblent renforcer les st\u00e9r\u00e9otypes attach\u00e9s \u00e0 l&rsquo;\u0153uvre de Robert Doisneau. Toujours est-il que, depuis &hellip; <a href=\"https:\/\/jlggb.net\/blog3\/?p=2243\" class=\"more-link\">Continuer la lecture de <span class=\"screen-reader-text\">Le regard du ma\u00eetre<\/span><\/a><\/p>\n","protected":false},"author":2,"featured_media":0,"comment_status":"closed","ping_status":"closed","sticky":false,"template":"","format":"standard","meta":{"footnotes":""},"categories":[74,70],"tags":[283,180],"class_list":["post-2243","post","type-post","status-publish","format-standard","hentry","category-personnes","category-photographies","tag-metro","tag-robert-doisneau"],"_links":{"self":[{"href":"https:\/\/jlggb.net\/blog3\/index.php?rest_route=\/wp\/v2\/posts\/2243","targetHints":{"allow":["GET"]}}],"collection":[{"href":"https:\/\/jlggb.net\/blog3\/index.php?rest_route=\/wp\/v2\/posts"}],"about":[{"href":"https:\/\/jlggb.net\/blog3\/index.php?rest_route=\/wp\/v2\/types\/post"}],"author":[{"embeddable":true,"href":"https:\/\/jlggb.net\/blog3\/index.php?rest_route=\/wp\/v2\/users\/2"}],"replies":[{"embeddable":true,"href":"https:\/\/jlggb.net\/blog3\/index.php?rest_route=%2Fwp%2Fv2%2Fcomments&post=2243"}],"version-history":[{"count":0,"href":"https:\/\/jlggb.net\/blog3\/index.php?rest_route=\/wp\/v2\/posts\/2243\/revisions"}],"wp:attachment":[{"href":"https:\/\/jlggb.net\/blog3\/index.php?rest_route=%2Fwp%2Fv2%2Fmedia&parent=2243"}],"wp:term":[{"taxonomy":"category","embeddable":true,"href":"https:\/\/jlggb.net\/blog3\/index.php?rest_route=%2Fwp%2Fv2%2Fcategories&post=2243"},{"taxonomy":"post_tag","embeddable":true,"href":"https:\/\/jlggb.net\/blog3\/index.php?rest_route=%2Fwp%2Fv2%2Ftags&post=2243"}],"curies":[{"name":"wp","href":"https:\/\/api.w.org\/{rel}","templated":true}]}}