{"id":2237,"date":"2012-04-27T15:30:54","date_gmt":"2012-04-27T13:30:54","guid":{"rendered":"http:\/\/jlggb.net\/blog3\/?p=2237"},"modified":"2020-08-23T11:50:34","modified_gmt":"2020-08-23T09:50:34","slug":"pavot-des-alpes","status":"publish","type":"post","link":"https:\/\/jlggb.net\/blog3\/?p=2237","title":{"rendered":"Pavot des Alpes"},"content":{"rendered":"<p><a href=\"https:\/\/jlggb.net\/blog3\/wp-content\/uploads\/2012\/04\/pavot-des-alpes.jpg\" data-rel=\"lightbox-image-0\" data-imagelightbox=\"0\" data-rl_title=\"\" data-rl_caption=\"\"><img loading=\"lazy\" decoding=\"async\" class=\"alignnone size-full wp-image-2238\" title=\"\" src=\"https:\/\/jlggb.net\/blog3\/wp-content\/uploads\/2012\/04\/pavot-des-alpes.jpg\" alt=\"\" width=\"640\" height=\"480\" srcset=\"https:\/\/jlggb.net\/blog3\/wp-content\/uploads\/2012\/04\/pavot-des-alpes.jpg 1280w, https:\/\/jlggb.net\/blog3\/wp-content\/uploads\/2012\/04\/pavot-des-alpes-300x225.jpg 300w, https:\/\/jlggb.net\/blog3\/wp-content\/uploads\/2012\/04\/pavot-des-alpes-1024x768.jpg 1024w, https:\/\/jlggb.net\/blog3\/wp-content\/uploads\/2012\/04\/pavot-des-alpes-150x112.jpg 150w\" sizes=\"auto, (max-width: 640px) 100vw, 640px\" \/><\/a><br \/>\nVendredi 27 avril 2012, 15h30, Jardin des plantes, Paris 5e. Apr\u00e8s <a href=\"https:\/\/jlggb.net\/blog3\/?p=1524\" target=\"_blank\" rel=\"noopener\">\u00ab Purification des plates-bandes\u00a0\u00bb<\/a> et <a href=\"https:\/\/jlggb.net\/blog3\/?p=1709\" target=\"_blank\" rel=\"noopener\">\u00ab\u00a0Plates-bandes, suite \u00bb<\/a>, voici les pavots (Pavot des Alpes. Papaver alpinum L. subsp. alpinum. S\u00e9rie Wonderland. Horticole. Papaveraceae) fleuris \u2014 et qui commencent \u00e0 passer. Il semble qu&rsquo;il y ait ces m\u00eames fleurs partout dans le jardin en ce moment. Cette photo est la premi\u00e8re faite avec le nouvel appareil Ricoh GR IV.<\/p>\n","protected":false},"excerpt":{"rendered":"<p>Vendredi 27 avril 2012, 15h30, Jardin des plantes, Paris 5e. Apr\u00e8s \u00ab Purification des plates-bandes\u00a0\u00bb et \u00ab\u00a0Plates-bandes, suite \u00bb, voici les pavots (Pavot des Alpes. Papaver alpinum L. subsp. alpinum. S\u00e9rie Wonderland. Horticole. Papaveraceae) fleuris \u2014 et qui commencent \u00e0 passer. Il semble qu&rsquo;il y ait ces m\u00eames fleurs partout dans le jardin en ce &hellip; <a href=\"https:\/\/jlggb.net\/blog3\/?p=2237\" class=\"more-link\">Continuer la lecture de <span class=\"screen-reader-text\">Pavot des Alpes<\/span><\/a><\/p>\n","protected":false},"author":2,"featured_media":0,"comment_status":"closed","ping_status":"closed","sticky":false,"template":"","format":"standard","meta":{"footnotes":""},"categories":[60,51,115],"tags":[153,36,282],"class_list":["post-2237","post","type-post","status-publish","format-standard","hentry","category-couleurs","category-moments","category-plantes-2","tag-jardin-des-plantes","tag-paris","tag-pavot"],"_links":{"self":[{"href":"https:\/\/jlggb.net\/blog3\/index.php?rest_route=\/wp\/v2\/posts\/2237","targetHints":{"allow":["GET"]}}],"collection":[{"href":"https:\/\/jlggb.net\/blog3\/index.php?rest_route=\/wp\/v2\/posts"}],"about":[{"href":"https:\/\/jlggb.net\/blog3\/index.php?rest_route=\/wp\/v2\/types\/post"}],"author":[{"embeddable":true,"href":"https:\/\/jlggb.net\/blog3\/index.php?rest_route=\/wp\/v2\/users\/2"}],"replies":[{"embeddable":true,"href":"https:\/\/jlggb.net\/blog3\/index.php?rest_route=%2Fwp%2Fv2%2Fcomments&post=2237"}],"version-history":[{"count":0,"href":"https:\/\/jlggb.net\/blog3\/index.php?rest_route=\/wp\/v2\/posts\/2237\/revisions"}],"wp:attachment":[{"href":"https:\/\/jlggb.net\/blog3\/index.php?rest_route=%2Fwp%2Fv2%2Fmedia&parent=2237"}],"wp:term":[{"taxonomy":"category","embeddable":true,"href":"https:\/\/jlggb.net\/blog3\/index.php?rest_route=%2Fwp%2Fv2%2Fcategories&post=2237"},{"taxonomy":"post_tag","embeddable":true,"href":"https:\/\/jlggb.net\/blog3\/index.php?rest_route=%2Fwp%2Fv2%2Ftags&post=2237"}],"curies":[{"name":"wp","href":"https:\/\/api.w.org\/{rel}","templated":true}]}}