{"id":2197,"date":"2012-04-20T12:30:01","date_gmt":"2012-04-20T10:30:01","guid":{"rendered":"http:\/\/jlggb.net\/blog3\/?p=2197"},"modified":"2020-08-23T11:57:55","modified_gmt":"2020-08-23T09:57:55","slug":"sauvegarde-dy-une-enseigne-de-coiffure-en-tole","status":"publish","type":"post","link":"https:\/\/jlggb.net\/blog3\/?p=2197","title":{"rendered":"Une enseigne de coiffure en t\u00f4le un peu cass\u00e9e"},"content":{"rendered":"<p><a href=\"https:\/\/jlggb.net\/blog3\/wp-content\/uploads\/2012\/04\/coiffure-mont-cenis.jpg\" data-rel=\"lightbox-image-0\" data-imagelightbox=\"0\" data-rl_title=\"\" data-rl_caption=\"\"><img loading=\"lazy\" decoding=\"async\" class=\"alignnone size-full wp-image-2199\" title=\"\" src=\"https:\/\/jlggb.net\/blog3\/wp-content\/uploads\/2012\/04\/coiffure-mont-cenis.jpg\" alt=\"\" width=\"640\" height=\"480\" srcset=\"https:\/\/jlggb.net\/blog3\/wp-content\/uploads\/2012\/04\/coiffure-mont-cenis.jpg 1280w, https:\/\/jlggb.net\/blog3\/wp-content\/uploads\/2012\/04\/coiffure-mont-cenis-300x225.jpg 300w, https:\/\/jlggb.net\/blog3\/wp-content\/uploads\/2012\/04\/coiffure-mont-cenis-1024x768.jpg 1024w, https:\/\/jlggb.net\/blog3\/wp-content\/uploads\/2012\/04\/coiffure-mont-cenis-150x112.jpg 150w\" sizes=\"auto, (max-width: 640px) 100vw, 640px\" \/><\/a><br \/>\nVendredi 20 avril 2012, 12h30, 85 rue du Mont-Cenis, Paris 18e \u2014 non loin de la mairie du 18e arrondissement. R\u00e9emploi ou sauvegarde de cette enseigne de coiffure en t\u00f4le, plus \u00ab\u00a0libre \u00bb et moderniste que les autres, un peu cass\u00e9e. On voit qu&rsquo;avant d&rsquo;\u00eatre noire, elle \u00e9tait jaune, et qu&rsquo;elle s&rsquo;inscrit dans une devanture modernis\u00e9e. Elle a \u00e9t\u00e9 trouv\u00e9e \u00e0 partir d&rsquo;un rep\u00e9rage sur Google Street View. Car on en est l\u00e0 pour compl\u00e9ter la collection.<\/p>\n","protected":false},"excerpt":{"rendered":"<p>Vendredi 20 avril 2012, 12h30, 85 rue du Mont-Cenis, Paris 18e \u2014 non loin de la mairie du 18e arrondissement. R\u00e9emploi ou sauvegarde de cette enseigne de coiffure en t\u00f4le, plus \u00ab\u00a0libre \u00bb et moderniste que les autres, un peu cass\u00e9e. On voit qu&rsquo;avant d&rsquo;\u00eatre noire, elle \u00e9tait jaune, et qu&rsquo;elle s&rsquo;inscrit dans une devanture &hellip; <a href=\"https:\/\/jlggb.net\/blog3\/?p=2197\" class=\"more-link\">Continuer la lecture de <span class=\"screen-reader-text\">Une enseigne de coiffure en t\u00f4le un peu cass\u00e9e<\/span><\/a><\/p>\n","protected":false},"author":2,"featured_media":0,"comment_status":"closed","ping_status":"closed","sticky":false,"template":"","format":"standard","meta":{"footnotes":""},"categories":[76,34],"tags":[278,277],"class_list":["post-2197","post","type-post","status-publish","format-standard","hentry","category-typographie","category-vitrines","tag-coiffure","tag-enseigne"],"_links":{"self":[{"href":"https:\/\/jlggb.net\/blog3\/index.php?rest_route=\/wp\/v2\/posts\/2197","targetHints":{"allow":["GET"]}}],"collection":[{"href":"https:\/\/jlggb.net\/blog3\/index.php?rest_route=\/wp\/v2\/posts"}],"about":[{"href":"https:\/\/jlggb.net\/blog3\/index.php?rest_route=\/wp\/v2\/types\/post"}],"author":[{"embeddable":true,"href":"https:\/\/jlggb.net\/blog3\/index.php?rest_route=\/wp\/v2\/users\/2"}],"replies":[{"embeddable":true,"href":"https:\/\/jlggb.net\/blog3\/index.php?rest_route=%2Fwp%2Fv2%2Fcomments&post=2197"}],"version-history":[{"count":0,"href":"https:\/\/jlggb.net\/blog3\/index.php?rest_route=\/wp\/v2\/posts\/2197\/revisions"}],"wp:attachment":[{"href":"https:\/\/jlggb.net\/blog3\/index.php?rest_route=%2Fwp%2Fv2%2Fmedia&parent=2197"}],"wp:term":[{"taxonomy":"category","embeddable":true,"href":"https:\/\/jlggb.net\/blog3\/index.php?rest_route=%2Fwp%2Fv2%2Fcategories&post=2197"},{"taxonomy":"post_tag","embeddable":true,"href":"https:\/\/jlggb.net\/blog3\/index.php?rest_route=%2Fwp%2Fv2%2Ftags&post=2197"}],"curies":[{"name":"wp","href":"https:\/\/api.w.org\/{rel}","templated":true}]}}