{"id":2039,"date":"2012-04-03T17:47:47","date_gmt":"2012-04-03T15:47:47","guid":{"rendered":"http:\/\/jlggb.net\/blog3\/?p=2039"},"modified":"2020-08-23T12:11:19","modified_gmt":"2020-08-23T10:11:19","slug":"polychromie-classique","status":"publish","type":"post","link":"https:\/\/jlggb.net\/blog3\/?p=2039","title":{"rendered":"Polychromie classique"},"content":{"rendered":"<p><a href=\"https:\/\/jlggb.net\/blog3\/wp-content\/uploads\/2012\/04\/jean-nicot-neon.jpg\" data-rel=\"lightbox-image-0\" data-imagelightbox=\"0\" data-rl_title=\"\" data-rl_caption=\"\"><img loading=\"lazy\" decoding=\"async\" class=\"alignnone size-full wp-image-2058\" title=\"\" src=\"https:\/\/jlggb.net\/blog3\/wp-content\/uploads\/2012\/04\/jean-nicot-neon.jpg\" alt=\"\" width=\"640\" height=\"480\" srcset=\"https:\/\/jlggb.net\/blog3\/wp-content\/uploads\/2012\/04\/jean-nicot-neon.jpg 1280w, https:\/\/jlggb.net\/blog3\/wp-content\/uploads\/2012\/04\/jean-nicot-neon-300x225.jpg 300w, https:\/\/jlggb.net\/blog3\/wp-content\/uploads\/2012\/04\/jean-nicot-neon-1024x768.jpg 1024w, https:\/\/jlggb.net\/blog3\/wp-content\/uploads\/2012\/04\/jean-nicot-neon-150x112.jpg 150w\" sizes=\"auto, (max-width: 640px) 100vw, 640px\" \/><\/a><br \/>\n<a href=\"https:\/\/jlggb.net\/blog3\/wp-content\/uploads\/2012\/04\/jean-nicot-sol.jpg\" data-rel=\"lightbox-image-1\" data-imagelightbox=\"1\" data-rl_title=\"\" data-rl_caption=\"\"><img loading=\"lazy\" decoding=\"async\" class=\"alignnone size-full wp-image-2040\" title=\"\" src=\"https:\/\/jlggb.net\/blog3\/wp-content\/uploads\/2012\/04\/jean-nicot-sol.jpg\" alt=\"\" width=\"640\" height=\"480\" \/><\/a><br \/>\nMardi 3 avril 2012, 17h50, caf\u00e9 A Jean Nicot, 173 rue Saint Honor\u00e9, Paris 1er. Je me souviens de ce caf\u00e9 au milieu des ann\u00e9es 80. Un d\u00e9cor volontairement laiss\u00e9 dans son jus ann\u00e9es 50-60, avec quelques rajouts factices. Le plafond avec ses arabesques de stuc et de n\u00e9ons se refl\u00e9tant dans les murs-miroirs et le sol en cassons de gr\u00e8s c\u00e9rame font authentiques. La polychromie est un classique que nous rep\u00e9rons r\u00e9guli\u00e8rement&nbsp;: le vert et le rouge qui donnent l&rsquo;ocre-orange, assortis de brun et de gris. Voir, par exemple, \u00ab Polychromie vernaculaire \u00bb&nbsp;: <a href=\"http:\/\/jlggb.net\/blog\/?p=239\" target=\"_blank\" rel=\"noopener\">http:\/\/jlggb.net\/blog\/?p=239<\/a> et le mur de Pomp\u00e9i conserv\u00e9 au Louvre&nbsp;: <a href=\"http:\/\/jlggb.net\/blog2\/?p=3090\" target=\"_blank\" rel=\"noopener\">http:\/\/jlggb.net\/blog2\/?p=3090<\/a><br \/>\nNote&nbsp;: Rousseau a habit\u00e9 dans le coin, y compris quand il intervenait dans le d\u00e9bat musical. Si l&rsquo;on r\u00e9sume sa position en disant qu&rsquo;il pr\u00e9f\u00e8re la m\u00e9lodie \u00e0 l&rsquo;harmonie, la ligne \u00e0 la couleur, on peut trouver ce caf\u00e9 plut\u00f4t rousseauiste&nbsp;: la polychromie y est gouvern\u00e9e par les lignes.<\/p>\n","protected":false},"excerpt":{"rendered":"<p>Mardi 3 avril 2012, 17h50, caf\u00e9 A Jean Nicot, 173 rue Saint Honor\u00e9, Paris 1er. Je me souviens de ce caf\u00e9 au milieu des ann\u00e9es 80. Un d\u00e9cor volontairement laiss\u00e9 dans son jus ann\u00e9es 50-60, avec quelques rajouts factices. Le plafond avec ses arabesques de stuc et de n\u00e9ons se refl\u00e9tant dans les murs-miroirs et &hellip; <a href=\"https:\/\/jlggb.net\/blog3\/?p=2039\" class=\"more-link\">Continuer la lecture de <span class=\"screen-reader-text\">Polychromie classique<\/span><\/a><\/p>\n","protected":false},"author":2,"featured_media":0,"comment_status":"closed","ping_status":"closed","sticky":false,"template":"","format":"standard","meta":{"footnotes":""},"categories":[45,60],"tags":[250,143,132,251],"class_list":["post-2039","post","type-post","status-publish","format-standard","hentry","category-ceramiques","category-couleurs","tag-gres-cerame","tag-jean-jacques-rousseau","tag-neon","tag-polychromie"],"_links":{"self":[{"href":"https:\/\/jlggb.net\/blog3\/index.php?rest_route=\/wp\/v2\/posts\/2039","targetHints":{"allow":["GET"]}}],"collection":[{"href":"https:\/\/jlggb.net\/blog3\/index.php?rest_route=\/wp\/v2\/posts"}],"about":[{"href":"https:\/\/jlggb.net\/blog3\/index.php?rest_route=\/wp\/v2\/types\/post"}],"author":[{"embeddable":true,"href":"https:\/\/jlggb.net\/blog3\/index.php?rest_route=\/wp\/v2\/users\/2"}],"replies":[{"embeddable":true,"href":"https:\/\/jlggb.net\/blog3\/index.php?rest_route=%2Fwp%2Fv2%2Fcomments&post=2039"}],"version-history":[{"count":0,"href":"https:\/\/jlggb.net\/blog3\/index.php?rest_route=\/wp\/v2\/posts\/2039\/revisions"}],"wp:attachment":[{"href":"https:\/\/jlggb.net\/blog3\/index.php?rest_route=%2Fwp%2Fv2%2Fmedia&parent=2039"}],"wp:term":[{"taxonomy":"category","embeddable":true,"href":"https:\/\/jlggb.net\/blog3\/index.php?rest_route=%2Fwp%2Fv2%2Fcategories&post=2039"},{"taxonomy":"post_tag","embeddable":true,"href":"https:\/\/jlggb.net\/blog3\/index.php?rest_route=%2Fwp%2Fv2%2Ftags&post=2039"}],"curies":[{"name":"wp","href":"https:\/\/api.w.org\/{rel}","templated":true}]}}