{"id":1927,"date":"2012-04-03T17:00:29","date_gmt":"2012-04-03T15:00:29","guid":{"rendered":"http:\/\/jlggb.net\/blog3\/?p=1927"},"modified":"2020-08-23T12:12:07","modified_gmt":"2020-08-23T10:12:07","slug":"rousseau-a-lopera","status":"publish","type":"post","link":"https:\/\/jlggb.net\/blog3\/?p=1927","title":{"rendered":"Rousseau parmi d&rsquo;autres \u00e0 l&rsquo;Op\u00e9ra"},"content":{"rendered":"<p><a href=\"https:\/\/jlggb.net\/blog3\/wp-content\/uploads\/2012\/04\/rousseau-opera-garnier.jpg\" data-rel=\"lightbox-image-0\" data-imagelightbox=\"0\" data-rl_title=\"\" data-rl_caption=\"\"><img loading=\"lazy\" decoding=\"async\" class=\"alignnone size-full wp-image-1929\" title=\"\" src=\"https:\/\/jlggb.net\/blog3\/wp-content\/uploads\/2012\/04\/rousseau-opera-garnier.jpg\" alt=\"\" width=\"640\" height=\"480\" srcset=\"https:\/\/jlggb.net\/blog3\/wp-content\/uploads\/2012\/04\/rousseau-opera-garnier.jpg 1280w, https:\/\/jlggb.net\/blog3\/wp-content\/uploads\/2012\/04\/rousseau-opera-garnier-300x225.jpg 300w, https:\/\/jlggb.net\/blog3\/wp-content\/uploads\/2012\/04\/rousseau-opera-garnier-1024x768.jpg 1024w, https:\/\/jlggb.net\/blog3\/wp-content\/uploads\/2012\/04\/rousseau-opera-garnier-150x112.jpg 150w\" sizes=\"auto, (max-width: 640px) 100vw, 640px\" \/><\/a><br \/>\nMardi 3 avril 2012, 16h40. D\u00e9j\u00e0, au Louvre, il avait fallu des ann\u00e9es pour que l&rsquo;on remarque la statue de Rousseau (voir&nbsp;: <a href=\"http:\/\/jlggb.net\/blog2\/?p=7083\" target=\"_blank\" rel=\"noopener\">11 septembre 2011<\/a>). Cet apr\u00e8s-midi, c&rsquo;est L. qui, en passant sur le c\u00f4t\u00e9 de l&rsquo;Op\u00e9ra, dit&nbsp;: \u00ab\u00a0Rousseau\u00a0!\u00a0\u00bb. On a oubli\u00e9 de le compter parmi les musiciens.<\/p>\n<blockquote><p><a href=\"https:\/\/jlggb.net\/blog3\/wp-content\/uploads\/2012\/04\/rousseau-opera-cercle.jpg\" data-rel=\"lightbox-image-1\" data-imagelightbox=\"1\" data-rl_title=\"\" data-rl_caption=\"\"><img loading=\"lazy\" decoding=\"async\" class=\"alignnone size-full wp-image-1943\" title=\"\" src=\"https:\/\/jlggb.net\/blog3\/wp-content\/uploads\/2012\/04\/rousseau-opera-cercle.jpg\" alt=\"\" width=\"240\" height=\"240\" srcset=\"https:\/\/jlggb.net\/blog3\/wp-content\/uploads\/2012\/04\/rousseau-opera-cercle.jpg 488w, https:\/\/jlggb.net\/blog3\/wp-content\/uploads\/2012\/04\/rousseau-opera-cercle-150x150.jpg 150w, https:\/\/jlggb.net\/blog3\/wp-content\/uploads\/2012\/04\/rousseau-opera-cercle-300x300.jpg 300w\" sizes=\"auto, (max-width: 240px) 100vw, 240px\" \/><\/a><\/p><\/blockquote>\n","protected":false},"excerpt":{"rendered":"<p>Mardi 3 avril 2012, 16h40. D\u00e9j\u00e0, au Louvre, il avait fallu des ann\u00e9es pour que l&rsquo;on remarque la statue de Rousseau (voir&nbsp;: 11 septembre 2011). Cet apr\u00e8s-midi, c&rsquo;est L. qui, en passant sur le c\u00f4t\u00e9 de l&rsquo;Op\u00e9ra, dit&nbsp;: \u00ab\u00a0Rousseau\u00a0!\u00a0\u00bb. On a oubli\u00e9 de le compter parmi les musiciens.<\/p>\n","protected":false},"author":2,"featured_media":0,"comment_status":"closed","ping_status":"closed","sticky":false,"template":"","format":"standard","meta":{"footnotes":""},"categories":[24,74],"tags":[143],"class_list":["post-1927","post","type-post","status-publish","format-standard","hentry","category-monuments","category-personnes","tag-jean-jacques-rousseau"],"_links":{"self":[{"href":"https:\/\/jlggb.net\/blog3\/index.php?rest_route=\/wp\/v2\/posts\/1927","targetHints":{"allow":["GET"]}}],"collection":[{"href":"https:\/\/jlggb.net\/blog3\/index.php?rest_route=\/wp\/v2\/posts"}],"about":[{"href":"https:\/\/jlggb.net\/blog3\/index.php?rest_route=\/wp\/v2\/types\/post"}],"author":[{"embeddable":true,"href":"https:\/\/jlggb.net\/blog3\/index.php?rest_route=\/wp\/v2\/users\/2"}],"replies":[{"embeddable":true,"href":"https:\/\/jlggb.net\/blog3\/index.php?rest_route=%2Fwp%2Fv2%2Fcomments&post=1927"}],"version-history":[{"count":0,"href":"https:\/\/jlggb.net\/blog3\/index.php?rest_route=\/wp\/v2\/posts\/1927\/revisions"}],"wp:attachment":[{"href":"https:\/\/jlggb.net\/blog3\/index.php?rest_route=%2Fwp%2Fv2%2Fmedia&parent=1927"}],"wp:term":[{"taxonomy":"category","embeddable":true,"href":"https:\/\/jlggb.net\/blog3\/index.php?rest_route=%2Fwp%2Fv2%2Fcategories&post=1927"},{"taxonomy":"post_tag","embeddable":true,"href":"https:\/\/jlggb.net\/blog3\/index.php?rest_route=%2Fwp%2Fv2%2Ftags&post=1927"}],"curies":[{"name":"wp","href":"https:\/\/api.w.org\/{rel}","templated":true}]}}