{"id":1912,"date":"2012-04-02T23:59:20","date_gmt":"2012-04-02T21:59:20","guid":{"rendered":"http:\/\/jlggb.net\/blog3\/?p=1912"},"modified":"2020-08-23T12:12:57","modified_gmt":"2020-08-23T10:12:57","slug":"des-archives-doisneau-24","status":"publish","type":"post","link":"https:\/\/jlggb.net\/blog3\/?p=1912","title":{"rendered":"Des archives : Doisneau 2\/4"},"content":{"rendered":"<p><a href=\"https:\/\/jlggb.net\/blog3\/wp-content\/uploads\/2012\/04\/doisneau-1983-a-1280.jpg\" data-rel=\"lightbox-image-0\" data-imagelightbox=\"0\" data-rl_title=\"\" data-rl_caption=\"\"><img loading=\"lazy\" decoding=\"async\" class=\"alignnone size-full wp-image-1913\" title=\"\" src=\"https:\/\/jlggb.net\/blog3\/wp-content\/uploads\/2012\/04\/doisneau-1983-a-1280.jpg\" alt=\"\" width=\"640\" height=\"640\" srcset=\"https:\/\/jlggb.net\/blog3\/wp-content\/uploads\/2012\/04\/doisneau-1983-a-1280.jpg 1280w, https:\/\/jlggb.net\/blog3\/wp-content\/uploads\/2012\/04\/doisneau-1983-a-1280-150x150.jpg 150w, https:\/\/jlggb.net\/blog3\/wp-content\/uploads\/2012\/04\/doisneau-1983-a-1280-300x300.jpg 300w, https:\/\/jlggb.net\/blog3\/wp-content\/uploads\/2012\/04\/doisneau-1983-a-1280-1024x1024.jpg 1024w\" sizes=\"auto, (max-width: 640px) 100vw, 640px\" \/><\/a><br \/>\nLundi 2 avril 2012. Des archives&nbsp;: photographies in\u00e9dites. Suite de la publication ayant trait \u00e0 Robert Doisneau \u2014 Voir <a href=\"https:\/\/jlggb.net\/blog3\/?p=1352\" target=\"_blank\" rel=\"noopener\">Doisneau 1\/4, 14 f\u00e9vrier 2012<\/a>. Le 28 janvier 1983, ayant eu la demande par le minist\u00e8re de la Culture de pr\u00e9parer une exposition de Robert Doisneau en Chine (P\u00e9kin et Shanghai) pour le prochain voyage de Fran\u00e7ois Mitterrand, je rencontre Doisneau \u00e0 Montrouge, accompagn\u00e9 par Chantal P. qui va traduire en chinois la biographie, le texte d&rsquo;introduction et les l\u00e9gendes. Descendus dans la rue pour faire un portrait original du photographe, il nous photographie. Photo \u00a9 jlggb 1983.<br \/>\n<span style=\"color: #ffffff;\">&#8211;<\/span><br \/>\n<a href=\"https:\/\/jlggb.net\/blog3\/wp-content\/uploads\/2012\/04\/rd-17150-28A-montrouge-28-01-1983.jpg\" data-rel=\"lightbox-image-1\" data-imagelightbox=\"1\" data-rl_title=\"\" data-rl_caption=\"\"><img loading=\"lazy\" decoding=\"async\" class=\"alignnone wp-image-1917\" title=\"\" src=\"https:\/\/jlggb.net\/blog3\/wp-content\/uploads\/2012\/04\/rd-17150-28A-montrouge-28-01-1983.jpg\" alt=\"\" width=\"640\" height=\"463\" srcset=\"https:\/\/jlggb.net\/blog3\/wp-content\/uploads\/2012\/04\/rd-17150-28A-montrouge-28-01-1983.jpg 1024w, https:\/\/jlggb.net\/blog3\/wp-content\/uploads\/2012\/04\/rd-17150-28A-montrouge-28-01-1983-300x217.jpg 300w, https:\/\/jlggb.net\/blog3\/wp-content\/uploads\/2012\/04\/rd-17150-28A-montrouge-28-01-1983-150x108.jpg 150w\" sizes=\"auto, (max-width: 640px) 100vw, 640px\" \/><\/a><br \/>\nPhoto Robert Doisneau N\u00b0 17150-28A. <a href=\"https:\/\/maps.google.fr\/maps\/ms?msid=214219984256544499148.000470b290de6ed0fd356&amp;msa=0&amp;ll=48.81424,2.321575&amp;spn=0.001911,0.005745&amp;iwloc=0004c7f7740e42c11b76f -\" target=\"_blank\" rel=\"noopener\">Montrouge, angle avenue Gambetta, rue Victor Basch, rue de la Solidarit\u00e9.<\/a><br \/>\n<span style=\"color: #ffffff;\">&#8211;<\/span><br \/>\n<a href=\"https:\/\/jlggb.net\/blog3\/wp-content\/uploads\/2012\/04\/doisneau-pekin-R-3.jpg\" data-rel=\"lightbox-image-2\" data-imagelightbox=\"2\" data-rl_title=\"\" data-rl_caption=\"\"><img loading=\"lazy\" decoding=\"async\" class=\"alignnone size-full wp-image-1980\" title=\"\" src=\"https:\/\/jlggb.net\/blog3\/wp-content\/uploads\/2012\/04\/doisneau-pekin-R-3.jpg\" alt=\"\" width=\"640\" height=\"640\" srcset=\"https:\/\/jlggb.net\/blog3\/wp-content\/uploads\/2012\/04\/doisneau-pekin-R-3.jpg 1280w, https:\/\/jlggb.net\/blog3\/wp-content\/uploads\/2012\/04\/doisneau-pekin-R-3-150x150.jpg 150w, https:\/\/jlggb.net\/blog3\/wp-content\/uploads\/2012\/04\/doisneau-pekin-R-3-300x300.jpg 300w, https:\/\/jlggb.net\/blog3\/wp-content\/uploads\/2012\/04\/doisneau-pekin-R-3-1024x1024.jpg 1024w\" sizes=\"auto, (max-width: 640px) 100vw, 640px\" \/><\/a><br \/>\nLe portrait \u00e0 l&rsquo;entr\u00e9e de l&rsquo;exposition au Palais des Beaux-Arts de P\u00e9kin, le 3 mai 1983. Photo \u00a9 jlggb 1983. Au Rolleiflex.<br \/>\n<span style=\"color: #ffffff;\">&#8211;<\/span><br \/>\n<a href=\"https:\/\/jlggb.net\/blog3\/wp-content\/uploads\/2012\/04\/Doisneau-portrait-Montrouge-1983.jpg\" data-rel=\"lightbox-image-3\" data-imagelightbox=\"3\" data-rl_title=\"\" data-rl_caption=\"\"><img loading=\"lazy\" decoding=\"async\" class=\"alignnone wp-image-3571\" title=\"\" src=\"https:\/\/jlggb.net\/blog3\/wp-content\/uploads\/2012\/04\/Doisneau-portrait-Montrouge-1983.jpg\" alt=\"\" width=\"640\" height=\"360\" srcset=\"https:\/\/jlggb.net\/blog3\/wp-content\/uploads\/2012\/04\/Doisneau-portrait-Montrouge-1983.jpg 1600w, https:\/\/jlggb.net\/blog3\/wp-content\/uploads\/2012\/04\/Doisneau-portrait-Montrouge-1983-300x168.jpg 300w, https:\/\/jlggb.net\/blog3\/wp-content\/uploads\/2012\/04\/Doisneau-portrait-Montrouge-1983-1024x576.jpg 1024w, https:\/\/jlggb.net\/blog3\/wp-content\/uploads\/2012\/04\/Doisneau-portrait-Montrouge-1983-150x84.jpg 150w\" sizes=\"auto, (max-width: 640px) 100vw, 640px\" \/><\/a><br \/>\n<a href=\"https:\/\/jlggb.net\/blog3\/wp-content\/uploads\/2012\/04\/Doisneau-Montrouge-1983.jpg\" data-rel=\"lightbox-image-4\" data-imagelightbox=\"4\" data-rl_title=\"\" data-rl_caption=\"\"><img loading=\"lazy\" decoding=\"async\" class=\"alignnone wp-image-3572\" title=\"\" src=\"https:\/\/jlggb.net\/blog3\/wp-content\/uploads\/2012\/04\/Doisneau-Montrouge-1983.jpg\" alt=\"\" width=\"640\" height=\"363\" \/><\/a><br \/>\nLe lieu de ces photos \u00e0 Montrouge aujourd&rsquo;hui (Google Street View &#8211; 2011).<\/p>\n","protected":false},"excerpt":{"rendered":"<p>Lundi 2 avril 2012. Des archives&nbsp;: photographies in\u00e9dites. Suite de la publication ayant trait \u00e0 Robert Doisneau \u2014 Voir Doisneau 1\/4, 14 f\u00e9vrier 2012. Le 28 janvier 1983, ayant eu la demande par le minist\u00e8re de la Culture de pr\u00e9parer une exposition de Robert Doisneau en Chine (P\u00e9kin et Shanghai) pour le prochain voyage de &hellip; <a href=\"https:\/\/jlggb.net\/blog3\/?p=1912\" class=\"more-link\">Continuer la lecture de <span class=\"screen-reader-text\">Des archives : Doisneau 2\/4<\/span><\/a><\/p>\n","protected":false},"author":2,"featured_media":0,"comment_status":"closed","ping_status":"closed","sticky":false,"template":"","format":"standard","meta":{"footnotes":""},"categories":[170,74,70],"tags":[242,244,180],"class_list":["post-1912","post","type-post","status-publish","format-standard","hentry","category-histoire","category-personnes","category-photographies","tag-montrouge","tag-pekin","tag-robert-doisneau"],"_links":{"self":[{"href":"https:\/\/jlggb.net\/blog3\/index.php?rest_route=\/wp\/v2\/posts\/1912","targetHints":{"allow":["GET"]}}],"collection":[{"href":"https:\/\/jlggb.net\/blog3\/index.php?rest_route=\/wp\/v2\/posts"}],"about":[{"href":"https:\/\/jlggb.net\/blog3\/index.php?rest_route=\/wp\/v2\/types\/post"}],"author":[{"embeddable":true,"href":"https:\/\/jlggb.net\/blog3\/index.php?rest_route=\/wp\/v2\/users\/2"}],"replies":[{"embeddable":true,"href":"https:\/\/jlggb.net\/blog3\/index.php?rest_route=%2Fwp%2Fv2%2Fcomments&post=1912"}],"version-history":[{"count":0,"href":"https:\/\/jlggb.net\/blog3\/index.php?rest_route=\/wp\/v2\/posts\/1912\/revisions"}],"wp:attachment":[{"href":"https:\/\/jlggb.net\/blog3\/index.php?rest_route=%2Fwp%2Fv2%2Fmedia&parent=1912"}],"wp:term":[{"taxonomy":"category","embeddable":true,"href":"https:\/\/jlggb.net\/blog3\/index.php?rest_route=%2Fwp%2Fv2%2Fcategories&post=1912"},{"taxonomy":"post_tag","embeddable":true,"href":"https:\/\/jlggb.net\/blog3\/index.php?rest_route=%2Fwp%2Fv2%2Ftags&post=1912"}],"curies":[{"name":"wp","href":"https:\/\/api.w.org\/{rel}","templated":true}]}}