{"id":1854,"date":"2012-03-30T14:00:28","date_gmt":"2012-03-30T13:00:28","guid":{"rendered":"http:\/\/jlggb.net\/blog3\/?p=1854"},"modified":"2020-08-23T12:15:23","modified_gmt":"2020-08-23T10:15:23","slug":"visite-architecturale-rue-pierre-rebiere-paris-17e","status":"publish","type":"post","link":"https:\/\/jlggb.net\/blog3\/?p=1854","title":{"rendered":"Visite architecturale : rue Pierre Rebi\u00e8re, Paris 17e"},"content":{"rendered":"<p><a href=\"https:\/\/jlggb.net\/blog3\/wp-content\/uploads\/2012\/03\/longueur.jpg\" data-rel=\"lightbox-image-0\" data-imagelightbox=\"0\" data-rl_title=\"\" data-rl_caption=\"\"><img loading=\"lazy\" decoding=\"async\" class=\"alignnone size-full wp-image-1855\" title=\"\" src=\"https:\/\/jlggb.net\/blog3\/wp-content\/uploads\/2012\/03\/longueur.jpg\" alt=\"\" width=\"640\" height=\"480\" srcset=\"https:\/\/jlggb.net\/blog3\/wp-content\/uploads\/2012\/03\/longueur.jpg 1280w, https:\/\/jlggb.net\/blog3\/wp-content\/uploads\/2012\/03\/longueur-300x225.jpg 300w, https:\/\/jlggb.net\/blog3\/wp-content\/uploads\/2012\/03\/longueur-1024x768.jpg 1024w, https:\/\/jlggb.net\/blog3\/wp-content\/uploads\/2012\/03\/longueur-150x112.jpg 150w\" sizes=\"auto, (max-width: 640px) 100vw, 640px\" \/><\/a><br \/>\n<a href=\"https:\/\/jlggb.net\/blog3\/wp-content\/uploads\/2012\/03\/mur.jpg\" data-rel=\"lightbox-image-1\" data-imagelightbox=\"1\" data-rl_title=\"\" data-rl_caption=\"\"><img loading=\"lazy\" decoding=\"async\" class=\"alignnone size-full wp-image-1856\" title=\"\" src=\"https:\/\/jlggb.net\/blog3\/wp-content\/uploads\/2012\/03\/mur.jpg\" alt=\"\" width=\"640\" height=\"480\" srcset=\"https:\/\/jlggb.net\/blog3\/wp-content\/uploads\/2012\/03\/mur.jpg 1280w, https:\/\/jlggb.net\/blog3\/wp-content\/uploads\/2012\/03\/mur-300x225.jpg 300w, https:\/\/jlggb.net\/blog3\/wp-content\/uploads\/2012\/03\/mur-1024x768.jpg 1024w, https:\/\/jlggb.net\/blog3\/wp-content\/uploads\/2012\/03\/mur-150x112.jpg 150w\" sizes=\"auto, (max-width: 640px) 100vw, 640px\" \/><\/a><br \/>\n<a href=\"https:\/\/jlggb.net\/blog3\/wp-content\/uploads\/2012\/03\/prunus.jpg\" data-rel=\"lightbox-image-2\" data-imagelightbox=\"2\" data-rl_title=\"\" data-rl_caption=\"\"><img loading=\"lazy\" decoding=\"async\" class=\"alignnone size-full wp-image-1857\" title=\"\" src=\"https:\/\/jlggb.net\/blog3\/wp-content\/uploads\/2012\/03\/prunus.jpg\" alt=\"\" width=\"640\" height=\"480\" srcset=\"https:\/\/jlggb.net\/blog3\/wp-content\/uploads\/2012\/03\/prunus.jpg 1280w, https:\/\/jlggb.net\/blog3\/wp-content\/uploads\/2012\/03\/prunus-300x225.jpg 300w, https:\/\/jlggb.net\/blog3\/wp-content\/uploads\/2012\/03\/prunus-1024x768.jpg 1024w, https:\/\/jlggb.net\/blog3\/wp-content\/uploads\/2012\/03\/prunus-150x112.jpg 150w\" sizes=\"auto, (max-width: 640px) 100vw, 640px\" \/><\/a><br \/>\n<a href=\"https:\/\/jlggb.net\/blog3\/wp-content\/uploads\/2012\/03\/platane.jpg\" data-rel=\"lightbox-image-3\" data-imagelightbox=\"3\" data-rl_title=\"\" data-rl_caption=\"\"><img loading=\"lazy\" decoding=\"async\" class=\"alignnone size-full wp-image-1858\" title=\"\" src=\"https:\/\/jlggb.net\/blog3\/wp-content\/uploads\/2012\/03\/platane.jpg\" alt=\"\" width=\"640\" height=\"480\" srcset=\"https:\/\/jlggb.net\/blog3\/wp-content\/uploads\/2012\/03\/platane.jpg 1280w, https:\/\/jlggb.net\/blog3\/wp-content\/uploads\/2012\/03\/platane-300x225.jpg 300w, https:\/\/jlggb.net\/blog3\/wp-content\/uploads\/2012\/03\/platane-1024x768.jpg 1024w, https:\/\/jlggb.net\/blog3\/wp-content\/uploads\/2012\/03\/platane-150x112.jpg 150w\" sizes=\"auto, (max-width: 640px) 100vw, 640px\" \/><\/a><br \/>\n<a href=\"https:\/\/jlggb.net\/blog3\/wp-content\/uploads\/2012\/03\/balcons.jpg\" data-rel=\"lightbox-image-4\" data-imagelightbox=\"4\" data-rl_title=\"\" data-rl_caption=\"\"><img loading=\"lazy\" decoding=\"async\" class=\"alignnone size-full wp-image-1859\" title=\"\" src=\"https:\/\/jlggb.net\/blog3\/wp-content\/uploads\/2012\/03\/balcons.jpg\" alt=\"\" width=\"640\" height=\"480\" srcset=\"https:\/\/jlggb.net\/blog3\/wp-content\/uploads\/2012\/03\/balcons.jpg 1280w, https:\/\/jlggb.net\/blog3\/wp-content\/uploads\/2012\/03\/balcons-300x225.jpg 300w, https:\/\/jlggb.net\/blog3\/wp-content\/uploads\/2012\/03\/balcons-1024x768.jpg 1024w, https:\/\/jlggb.net\/blog3\/wp-content\/uploads\/2012\/03\/balcons-150x112.jpg 150w\" sizes=\"auto, (max-width: 640px) 100vw, 640px\" \/><\/a><br \/>\nVendredi 30 mars 2012, vers 14h, rue Pierre Rebi\u00e8re, Paris 17e. Sur une bande de terrain r\u00e9cup\u00e9r\u00e9e sur la rue elle-m\u00eame, de 600 m\u00e8tres de long sur 12 m\u00e8tres de large, le long du cimeti\u00e8re des Batignolles, une s\u00e9rie d&rsquo;immeubles d&rsquo;habitation se terminent. Dans cet espace particulier, neuf \u00e9quipes de \u00ab jeunes architectes \u00bb ont exp\u00e9riment\u00e9 des formules d&rsquo;habitat social qui semblent agr\u00e9ablement habitables, en d\u00e9pit du bruit du p\u00e9riph\u00e9rique proche. Des jeux de renfoncements et de terrasses contournent l&rsquo;interdiction de placer des fen\u00eatres donnant directement sur le cimeti\u00e8re pour b\u00e9n\u00e9ficier malgr\u00e9 tout de ses 900 arbres. Ainsi l&rsquo;immeuble con\u00e7u par St\u00e9phane Maupin pr\u00e9sente deux gradins de balcons se faisant face dans l&rsquo;\u00e9paisseur du bloc. Visant \u00e0 augmenter les vues et la lumi\u00e8re de chaque pi\u00e8ce, l&rsquo;atelier japonais Bow-Wow a multipli\u00e9 les ouvertures en leur donnant syst\u00e9matiquement un balcon, o\u00f9 l&rsquo;on se tient debout, o\u00f9 l&rsquo;on s&rsquo;assoit, o\u00f9 l&rsquo;on se met autour d&rsquo;une table.<br \/>\n\u00c0 \u00e9couter, les \u00e9missions de Fran\u00e7ois Chaslin sur la rue Pierre Rebi\u00e8re des 27 novembre 2011 et 18 d\u00e9cembre 2011&nbsp;: <a href=\"https:\/\/jlggb.net\/blog3\/wp-mp3\/rebiere-1.mp3\" target=\"_blank\" rel=\"noopener\">premi\u00e8re partie<\/a> et <a href=\"https:\/\/jlggb.net\/blog3\/wp-mp3\/rebiere-2.mp3\" target=\"_blank\" rel=\"noopener\">deuxi\u00e8me partie<\/a>.<\/p>\n","protected":false},"excerpt":{"rendered":"<p>Vendredi 30 mars 2012, vers 14h, rue Pierre Rebi\u00e8re, Paris 17e. Sur une bande de terrain r\u00e9cup\u00e9r\u00e9e sur la rue elle-m\u00eame, de 600 m\u00e8tres de long sur 12 m\u00e8tres de large, le long du cimeti\u00e8re des Batignolles, une s\u00e9rie d&rsquo;immeubles d&rsquo;habitation se terminent. Dans cet espace particulier, neuf \u00e9quipes de \u00ab jeunes architectes \u00bb ont &hellip; <a href=\"https:\/\/jlggb.net\/blog3\/?p=1854\" class=\"more-link\">Continuer la lecture de <span class=\"screen-reader-text\">Visite architecturale : rue Pierre Rebi\u00e8re, Paris 17e<\/span><\/a><\/p>\n","protected":false},"author":2,"featured_media":0,"comment_status":"closed","ping_status":"closed","sticky":false,"template":"","format":"standard","meta":{"footnotes":""},"categories":[64,85],"tags":[237,36],"class_list":["post-1854","post","type-post","status-publish","format-standard","hentry","category-architecture","category-ville","tag-habitat","tag-paris"],"_links":{"self":[{"href":"https:\/\/jlggb.net\/blog3\/index.php?rest_route=\/wp\/v2\/posts\/1854","targetHints":{"allow":["GET"]}}],"collection":[{"href":"https:\/\/jlggb.net\/blog3\/index.php?rest_route=\/wp\/v2\/posts"}],"about":[{"href":"https:\/\/jlggb.net\/blog3\/index.php?rest_route=\/wp\/v2\/types\/post"}],"author":[{"embeddable":true,"href":"https:\/\/jlggb.net\/blog3\/index.php?rest_route=\/wp\/v2\/users\/2"}],"replies":[{"embeddable":true,"href":"https:\/\/jlggb.net\/blog3\/index.php?rest_route=%2Fwp%2Fv2%2Fcomments&post=1854"}],"version-history":[{"count":0,"href":"https:\/\/jlggb.net\/blog3\/index.php?rest_route=\/wp\/v2\/posts\/1854\/revisions"}],"wp:attachment":[{"href":"https:\/\/jlggb.net\/blog3\/index.php?rest_route=%2Fwp%2Fv2%2Fmedia&parent=1854"}],"wp:term":[{"taxonomy":"category","embeddable":true,"href":"https:\/\/jlggb.net\/blog3\/index.php?rest_route=%2Fwp%2Fv2%2Fcategories&post=1854"},{"taxonomy":"post_tag","embeddable":true,"href":"https:\/\/jlggb.net\/blog3\/index.php?rest_route=%2Fwp%2Fv2%2Ftags&post=1854"}],"curies":[{"name":"wp","href":"https:\/\/api.w.org\/{rel}","templated":true}]}}