{"id":1816,"date":"2012-03-22T23:59:55","date_gmt":"2012-03-22T22:59:55","guid":{"rendered":"http:\/\/jlggb.net\/blog3\/?p=1816"},"modified":"2020-08-23T12:18:53","modified_gmt":"2020-08-23T10:18:53","slug":"des-collections-pour-les-50-ans-des-accords-devian","status":"publish","type":"post","link":"https:\/\/jlggb.net\/blog3\/?p=1816","title":{"rendered":"Des collections : pour les 50 ans des Accords d&rsquo;\u00c9vian"},"content":{"rendered":"<p><a href=\"https:\/\/jlggb.net\/blog3\/wp-content\/uploads\/2012\/03\/quai-du-mont-blanc.jpg\" data-rel=\"lightbox-image-0\" data-imagelightbox=\"0\" data-rl_title=\"\" data-rl_caption=\"\"><img loading=\"lazy\" decoding=\"async\" class=\"alignnone size-full wp-image-1826\" title=\"\" src=\"https:\/\/jlggb.net\/blog3\/wp-content\/uploads\/2012\/03\/quai-du-mont-blanc.jpg\" alt=\"\" width=\"640\" height=\"480\" srcset=\"https:\/\/jlggb.net\/blog3\/wp-content\/uploads\/2012\/03\/quai-du-mont-blanc.jpg 1280w, https:\/\/jlggb.net\/blog3\/wp-content\/uploads\/2012\/03\/quai-du-mont-blanc-300x225.jpg 300w, https:\/\/jlggb.net\/blog3\/wp-content\/uploads\/2012\/03\/quai-du-mont-blanc-1024x768.jpg 1024w, https:\/\/jlggb.net\/blog3\/wp-content\/uploads\/2012\/03\/quai-du-mont-blanc-150x112.jpg 150w\" sizes=\"auto, (max-width: 640px) 100vw, 640px\" \/><\/a><br \/>\nJeudi 22 mars 2012, 17h44, Gen\u00e8ve. Il y a une image du film de Godard, <a href=\"http:\/\/www.youtube.com\/watch?v=7lfklx_dLGo\" target=\"_blank\" rel=\"noopener\"><em>Le Petit Soldat<\/em><\/a>, rep\u00e9rable dans le film, mais que je gardais pour moi. En 1987, en pr\u00e9parant le num\u00e9ro de la revue <em>La Recherche photographique,<\/em> num\u00e9ro 3, intitul\u00e9 \u00ab Le cin\u00e9ma, la photographie \u00bb j&rsquo;avais trouv\u00e9 dans le fonds de la Cin\u00e9math\u00e8que fran\u00e7aise un ensemble de photographies du tournage du <em>Petit Soldat <\/em>(sans pouvoir identifier leur auteur, y compris aupr\u00e8s de Madame de Beauregard). Elles ont ce charme particulier d&rsquo;appartenir aux vues du film (travail admirable de Raoul Coutard, avec la pellicule photo Agfa Record que seule la cam\u00e9ra Cameflex acceptait) tout en s&rsquo;en distinguant. De format carr\u00e9, probablement faites au Rolleiflex, elles sont \u00e0 la fois pos\u00e9es, embl\u00e9matiques et r\u00e9v\u00e9latrices du tournage lui-m\u00eame (au demeurant, \u00ab tout film est un documentaire sur son propre tournage \u00bb aurait dit Jacques Rivette). J&rsquo;avais donc fait tirer, sans la publier, la photo de la voiture filant le long du lac depuis le Pont du Mont-Blanc, avec cette figure de platane, tentaculaire et taill\u00e9, que j&rsquo;affectionne. Tourn\u00e9 fin 1959, d\u00e9but 1960 \u00e0 Gen\u00e8ve et dans ses environs, <em>Le Petit Soldat<\/em> est interdit par la censure jusqu&rsquo;en 1963. Louis Terrenoire, ministre de l&rsquo;Information, d\u00e9clarait&nbsp;: 1. Que ces tortures soient appliqu\u00e9es par des agents du FLN ne saurait modifier le jugement qui doit \u00eatre port\u00e9 contre ces pratiques et contre leurs repr\u00e9sentations \u00e0 l&rsquo;\u00e9cran. 2. \u00c0 un moment o\u00f9 toute la jeunesse fran\u00e7aise est appel\u00e9e \u00e0 servir et \u00e0 combattre en Alg\u00e9rie, il para\u00eet difficilement possible d&rsquo;admettre que le comportement contraire soit expos\u00e9, illustr\u00e9 et finalement justifi\u00e9. Le fait que le personnage se soit paradoxalement engag\u00e9 dans une action contre-terroriste ne change rien au probl\u00e8me. 3. Les paroles pr\u00eat\u00e9es \u00e0 une protagoniste du film et par lesquelles l&rsquo;action de la France et en Alg\u00e9rie est pr\u00e9sent\u00e9e comme d\u00e9pourvue d&rsquo;id\u00e9al, alors que la cause de la r\u00e9bellion est d\u00e9fendue et exalt\u00e9e, constituent \u00e0 elles seules, dans les circonstances actuelles, un motif d&rsquo;interdiction. \u00bb (Wikipedia, repris de Lionel Tr\u00e9lis, <em>La Censure cin\u00e9matographique en France<\/em>, m\u00e9moire, Institut d&rsquo;\u00e9tudes politiques de Lyon, juin 2001). Les 50 ans des Accords d&rsquo;\u00c9vian (18 mars 1962) semblent n&rsquo;avoir donn\u00e9 lieu \u00e0 aucune comm\u00e9moration ces derniers jours. J&rsquo;y songeais depuis longtemps&nbsp;: l&rsquo;anniversaire et un d\u00e9tour par le Quai du Mont-Blanc me donnent le pr\u00e9texte pour publier la photographie rest\u00e9e in\u00e9dite.<br \/>\n<span style=\"color: #ffffff;\">&#8211;<\/span><\/p>\n<blockquote><p><a href=\"https:\/\/jlggb.net\/blog3\/wp-content\/uploads\/2012\/03\/petit-soldat-geneve-1024.jpg\" data-rel=\"lightbox-image-1\" data-imagelightbox=\"1\" data-rl_title=\"\" data-rl_caption=\"\"><img loading=\"lazy\" decoding=\"async\" class=\"alignnone size-full wp-image-1822\" title=\"\" src=\"https:\/\/jlggb.net\/blog3\/wp-content\/uploads\/2012\/03\/petit-soldat-geneve-1024.jpg\" alt=\"\" width=\"512\" height=\"512\" srcset=\"https:\/\/jlggb.net\/blog3\/wp-content\/uploads\/2012\/03\/petit-soldat-geneve-1024.jpg 1024w, https:\/\/jlggb.net\/blog3\/wp-content\/uploads\/2012\/03\/petit-soldat-geneve-1024-150x150.jpg 150w, https:\/\/jlggb.net\/blog3\/wp-content\/uploads\/2012\/03\/petit-soldat-geneve-1024-300x300.jpg 300w\" sizes=\"auto, (max-width: 512px) 100vw, 512px\" \/><\/a><br \/>\nJean-Luc Godard, <em>Le Petit Soldat<\/em>, 1960, Anna Karina, Michel Subor, photo de tournage, fonds Cin\u00e9math\u00e8que fran\u00e7aise, n\u00e9gatif 1040. \u00c9preuve&nbsp;: collection jlggb.<br \/>\n<span style=\"color: #ffffff;\">&#8211;<\/span><\/p><\/blockquote>\n<blockquote><p><a href=\"https:\/\/jlggb.net\/blog3\/wp-content\/uploads\/2012\/03\/la-recherche-photographique-3.jpg\" data-rel=\"lightbox-image-2\" data-imagelightbox=\"2\" data-rl_title=\"\" data-rl_caption=\"\"><img loading=\"lazy\" decoding=\"async\" class=\"alignnone wp-image-1823\" title=\"\" src=\"https:\/\/jlggb.net\/blog3\/wp-content\/uploads\/2012\/03\/la-recherche-photographique-3.jpg\" alt=\"\" width=\"512\" height=\"723\" srcset=\"https:\/\/jlggb.net\/blog3\/wp-content\/uploads\/2012\/03\/la-recherche-photographique-3.jpg 905w, https:\/\/jlggb.net\/blog3\/wp-content\/uploads\/2012\/03\/la-recherche-photographique-3-212x300.jpg 212w, https:\/\/jlggb.net\/blog3\/wp-content\/uploads\/2012\/03\/la-recherche-photographique-3-724x1024.jpg 724w, https:\/\/jlggb.net\/blog3\/wp-content\/uploads\/2012\/03\/la-recherche-photographique-3-106x150.jpg 106w\" sizes=\"auto, (max-width: 512px) 100vw, 512px\" \/><\/a><br \/>\n<em>La Recherche photographique<\/em>, N\u00b03, d\u00e9cembre 1987, Paris. Contient un portfolio de 16 photographies de tournage du <em>Petit Soldat<\/em>.<br \/>\n<span style=\"color: #ffffff;\">&#8211;<\/span><\/p><\/blockquote>\n<blockquote><p><a href=\"https:\/\/jlggb.net\/blog3\/wp-content\/uploads\/2012\/04\/coutard-godard-petit-soldat.jpg\" data-rel=\"lightbox-image-3\" data-imagelightbox=\"3\" data-rl_title=\"\" data-rl_caption=\"\"><img loading=\"lazy\" decoding=\"async\" class=\"alignnone wp-image-1901\" title=\"\" src=\"https:\/\/jlggb.net\/blog3\/wp-content\/uploads\/2012\/04\/coutard-godard-petit-soldat.jpg\" alt=\"\" width=\"512\" height=\"281\" srcset=\"https:\/\/jlggb.net\/blog3\/wp-content\/uploads\/2012\/04\/coutard-godard-petit-soldat.jpg 719w, https:\/\/jlggb.net\/blog3\/wp-content\/uploads\/2012\/04\/coutard-godard-petit-soldat-300x164.jpg 300w, https:\/\/jlggb.net\/blog3\/wp-content\/uploads\/2012\/04\/coutard-godard-petit-soldat-150x82.jpg 150w\" sizes=\"auto, (max-width: 512px) 100vw, 512px\" \/><\/a><br \/>\nRaoul Coutard et Jean-Luc Godard sur le tournage du <em>Petit Soldat<\/em>. Planche contact de la m\u00eame s\u00e9rie que les photos ci-dessus [dr].<\/p><\/blockquote>\n","protected":false},"excerpt":{"rendered":"<p>Jeudi 22 mars 2012, 17h44, Gen\u00e8ve. Il y a une image du film de Godard, Le Petit Soldat, rep\u00e9rable dans le film, mais que je gardais pour moi. En 1987, en pr\u00e9parant le num\u00e9ro de la revue La Recherche photographique, num\u00e9ro 3, intitul\u00e9 \u00ab Le cin\u00e9ma, la photographie \u00bb j&rsquo;avais trouv\u00e9 dans le fonds de &hellip; <a href=\"https:\/\/jlggb.net\/blog3\/?p=1816\" class=\"more-link\">Continuer la lecture de <span class=\"screen-reader-text\">Des collections : pour les 50 ans des Accords d&rsquo;\u00c9vian<\/span><\/a><\/p>\n","protected":false},"author":2,"featured_media":0,"comment_status":"closed","ping_status":"closed","sticky":false,"template":"","format":"standard","meta":{"footnotes":""},"categories":[32,23,170,70,115,89],"tags":[80,27,149],"class_list":["post-1816","post","type-post","status-publish","format-standard","hentry","category-des-collections","category-films","category-histoire","category-photographies","category-plantes-2","category-vues","tag-geneve","tag-godard","tag-platane"],"_links":{"self":[{"href":"https:\/\/jlggb.net\/blog3\/index.php?rest_route=\/wp\/v2\/posts\/1816","targetHints":{"allow":["GET"]}}],"collection":[{"href":"https:\/\/jlggb.net\/blog3\/index.php?rest_route=\/wp\/v2\/posts"}],"about":[{"href":"https:\/\/jlggb.net\/blog3\/index.php?rest_route=\/wp\/v2\/types\/post"}],"author":[{"embeddable":true,"href":"https:\/\/jlggb.net\/blog3\/index.php?rest_route=\/wp\/v2\/users\/2"}],"replies":[{"embeddable":true,"href":"https:\/\/jlggb.net\/blog3\/index.php?rest_route=%2Fwp%2Fv2%2Fcomments&post=1816"}],"version-history":[{"count":0,"href":"https:\/\/jlggb.net\/blog3\/index.php?rest_route=\/wp\/v2\/posts\/1816\/revisions"}],"wp:attachment":[{"href":"https:\/\/jlggb.net\/blog3\/index.php?rest_route=%2Fwp%2Fv2%2Fmedia&parent=1816"}],"wp:term":[{"taxonomy":"category","embeddable":true,"href":"https:\/\/jlggb.net\/blog3\/index.php?rest_route=%2Fwp%2Fv2%2Fcategories&post=1816"},{"taxonomy":"post_tag","embeddable":true,"href":"https:\/\/jlggb.net\/blog3\/index.php?rest_route=%2Fwp%2Fv2%2Ftags&post=1816"}],"curies":[{"name":"wp","href":"https:\/\/api.w.org\/{rel}","templated":true}]}}