{"id":1789,"date":"2012-03-23T23:59:25","date_gmt":"2012-03-23T22:59:25","guid":{"rendered":"http:\/\/jlggb.net\/blog3\/?p=1789"},"modified":"2020-08-23T12:17:39","modified_gmt":"2020-08-23T10:17:39","slug":"revisions","status":"publish","type":"post","link":"https:\/\/jlggb.net\/blog3\/?p=1789","title":{"rendered":"R\u00e9visions"},"content":{"rendered":"<p><a href=\"https:\/\/jlggb.net\/blog3\/wp-content\/uploads\/2012\/03\/la-chapelle-en-vercors.jpg\" data-rel=\"lightbox-image-0\" data-imagelightbox=\"0\" data-rl_title=\"\" data-rl_caption=\"\"><img loading=\"lazy\" decoding=\"async\" class=\"alignnone size-full wp-image-1794\" title=\"\" src=\"https:\/\/jlggb.net\/blog3\/wp-content\/uploads\/2012\/03\/la-chapelle-en-vercors.jpg\" alt=\"\" width=\"640\" height=\"480\" srcset=\"https:\/\/jlggb.net\/blog3\/wp-content\/uploads\/2012\/03\/la-chapelle-en-vercors.jpg 1280w, https:\/\/jlggb.net\/blog3\/wp-content\/uploads\/2012\/03\/la-chapelle-en-vercors-300x225.jpg 300w, https:\/\/jlggb.net\/blog3\/wp-content\/uploads\/2012\/03\/la-chapelle-en-vercors-1024x768.jpg 1024w, https:\/\/jlggb.net\/blog3\/wp-content\/uploads\/2012\/03\/la-chapelle-en-vercors-150x112.jpg 150w\" sizes=\"auto, (max-width: 640px) 100vw, 640px\" \/><\/a><br \/>\n<a href=\"https:\/\/jlggb.net\/blog3\/wp-content\/uploads\/2012\/03\/la-chapelle-fontaine.jpg\" data-rel=\"lightbox-image-1\" data-imagelightbox=\"1\" data-rl_title=\"\" data-rl_caption=\"\"><img loading=\"lazy\" decoding=\"async\" class=\"alignnone size-full wp-image-1851\" title=\"\" src=\"https:\/\/jlggb.net\/blog3\/wp-content\/uploads\/2012\/03\/la-chapelle-fontaine.jpg\" alt=\"\" width=\"640\" height=\"480\" srcset=\"https:\/\/jlggb.net\/blog3\/wp-content\/uploads\/2012\/03\/la-chapelle-fontaine.jpg 1280w, https:\/\/jlggb.net\/blog3\/wp-content\/uploads\/2012\/03\/la-chapelle-fontaine-300x225.jpg 300w, https:\/\/jlggb.net\/blog3\/wp-content\/uploads\/2012\/03\/la-chapelle-fontaine-1024x768.jpg 1024w, https:\/\/jlggb.net\/blog3\/wp-content\/uploads\/2012\/03\/la-chapelle-fontaine-150x112.jpg 150w\" sizes=\"auto, (max-width: 640px) 100vw, 640px\" \/><\/a><br \/>\n<a href=\"https:\/\/jlggb.net\/blog3\/wp-content\/uploads\/2012\/03\/combe-laval.jpg\" data-rel=\"lightbox-image-2\" data-imagelightbox=\"2\" data-rl_title=\"\" data-rl_caption=\"\"><img loading=\"lazy\" decoding=\"async\" class=\"alignnone size-full wp-image-1795\" title=\"\" src=\"https:\/\/jlggb.net\/blog3\/wp-content\/uploads\/2012\/03\/combe-laval.jpg\" alt=\"\" width=\"640\" height=\"480\" srcset=\"https:\/\/jlggb.net\/blog3\/wp-content\/uploads\/2012\/03\/combe-laval.jpg 1280w, https:\/\/jlggb.net\/blog3\/wp-content\/uploads\/2012\/03\/combe-laval-300x225.jpg 300w, https:\/\/jlggb.net\/blog3\/wp-content\/uploads\/2012\/03\/combe-laval-1024x768.jpg 1024w, https:\/\/jlggb.net\/blog3\/wp-content\/uploads\/2012\/03\/combe-laval-150x112.jpg 150w\" sizes=\"auto, (max-width: 640px) 100vw, 640px\" \/><\/a><br \/>\n<a href=\"https:\/\/jlggb.net\/blog3\/wp-content\/uploads\/2012\/03\/saint-jean-usine.jpg\" data-rel=\"lightbox-image-3\" data-imagelightbox=\"3\" data-rl_title=\"\" data-rl_caption=\"\"><img loading=\"lazy\" decoding=\"async\" class=\"alignnone size-full wp-image-1796\" title=\"\" src=\"https:\/\/jlggb.net\/blog3\/wp-content\/uploads\/2012\/03\/saint-jean-usine.jpg\" alt=\"\" width=\"640\" height=\"480\" srcset=\"https:\/\/jlggb.net\/blog3\/wp-content\/uploads\/2012\/03\/saint-jean-usine.jpg 1280w, https:\/\/jlggb.net\/blog3\/wp-content\/uploads\/2012\/03\/saint-jean-usine-300x225.jpg 300w, https:\/\/jlggb.net\/blog3\/wp-content\/uploads\/2012\/03\/saint-jean-usine-1024x768.jpg 1024w, https:\/\/jlggb.net\/blog3\/wp-content\/uploads\/2012\/03\/saint-jean-usine-150x112.jpg 150w\" sizes=\"auto, (max-width: 640px) 100vw, 640px\" \/><\/a><br \/>\n<a href=\"https:\/\/jlggb.net\/blog3\/wp-content\/uploads\/2012\/03\/le-grand-sechoir-vinay.jpg\" data-rel=\"lightbox-image-4\" data-imagelightbox=\"4\" data-rl_title=\"\" data-rl_caption=\"\"><img loading=\"lazy\" decoding=\"async\" class=\"alignnone size-full wp-image-1797\" title=\"\" src=\"https:\/\/jlggb.net\/blog3\/wp-content\/uploads\/2012\/03\/le-grand-sechoir-vinay.jpg\" alt=\"\" width=\"640\" height=\"480\" srcset=\"https:\/\/jlggb.net\/blog3\/wp-content\/uploads\/2012\/03\/le-grand-sechoir-vinay.jpg 1280w, https:\/\/jlggb.net\/blog3\/wp-content\/uploads\/2012\/03\/le-grand-sechoir-vinay-300x225.jpg 300w, https:\/\/jlggb.net\/blog3\/wp-content\/uploads\/2012\/03\/le-grand-sechoir-vinay-1024x768.jpg 1024w, https:\/\/jlggb.net\/blog3\/wp-content\/uploads\/2012\/03\/le-grand-sechoir-vinay-150x112.jpg 150w\" sizes=\"auto, (max-width: 640px) 100vw, 640px\" \/><\/a><br \/>\nVendredi 23 mars 2012, 9h-21h, circuit en voiture depuis Aix-les-Bains&nbsp;: Chamb\u00e9ry, Grenoble, Sassenage, Lans en Vercors, les gorges de la Bourne, Saint Martin en Vercors, La Rivi\u00e8re, La Chapelle en Vercors, le col de Carri, le col de La Machine, Combe Laval, Saint Jean en Royans, Saint Laurent en Royans, Pont en Royans, Saint Romans, Saint Marcellin, Varacieux, Vinay, Buissonni\u00e8re, le pont de Trellins, Le Rivier, Nalleti\u00e8re, Grenoble, Chamb\u00e9ry. Certaines des images reviennent dans mes r\u00eaves mais n&rsquo;avaient pas \u00e9t\u00e9 mises \u00e0 jour depuis 10, 20, 30,&#8230; 60 ans. Le village de La Chapelle en Vercors, presque enti\u00e8rement reconstruit apr\u00e8s la guerre; la fontaine aux Ours au centre de La Chapelle; la route de Combe Laval, quelques centaines de m\u00e8tres au-dessus de notre maison de Saint Laurent en Royans; l&rsquo;usine de Saint Jean en Royans; le s\u00e9choir \u00e0 noix (voir&nbsp;: \u00ab <a href=\"http:\/\/jlggb.net\/blog2\/?p=3763\" target=\"_blank\" rel=\"noopener\">Notre s\u00e9choir<\/a> \u00bb) \u2014 maintenant au mus\u00e9e, <a href=\"Le Grand S\u00e9choir \u00e0 Vinay\" target=\"_blank\" rel=\"noopener\">Le Grand S\u00e9choir \u00e0 Vinay<\/a>.<\/p>\n","protected":false},"excerpt":{"rendered":"<p>Vendredi 23 mars 2012, 9h-21h, circuit en voiture depuis Aix-les-Bains&nbsp;: Chamb\u00e9ry, Grenoble, Sassenage, Lans en Vercors, les gorges de la Bourne, Saint Martin en Vercors, La Rivi\u00e8re, La Chapelle en Vercors, le col de Carri, le col de La Machine, Combe Laval, Saint Jean en Royans, Saint Laurent en Royans, Pont en Royans, Saint Romans, &hellip; <a href=\"https:\/\/jlggb.net\/blog3\/?p=1789\" class=\"more-link\">Continuer la lecture de <span class=\"screen-reader-text\">R\u00e9visions<\/span><\/a><\/p>\n","protected":false},"author":2,"featured_media":0,"comment_status":"closed","ping_status":"closed","sticky":false,"template":"","format":"standard","meta":{"footnotes":""},"categories":[170,12,230],"tags":[233,232,231],"class_list":["post-1789","post","type-post","status-publish","format-standard","hentry","category-histoire","category-paysages","category-voyages","tag-isere","tag-royans","tag-vercors"],"_links":{"self":[{"href":"https:\/\/jlggb.net\/blog3\/index.php?rest_route=\/wp\/v2\/posts\/1789","targetHints":{"allow":["GET"]}}],"collection":[{"href":"https:\/\/jlggb.net\/blog3\/index.php?rest_route=\/wp\/v2\/posts"}],"about":[{"href":"https:\/\/jlggb.net\/blog3\/index.php?rest_route=\/wp\/v2\/types\/post"}],"author":[{"embeddable":true,"href":"https:\/\/jlggb.net\/blog3\/index.php?rest_route=\/wp\/v2\/users\/2"}],"replies":[{"embeddable":true,"href":"https:\/\/jlggb.net\/blog3\/index.php?rest_route=%2Fwp%2Fv2%2Fcomments&post=1789"}],"version-history":[{"count":0,"href":"https:\/\/jlggb.net\/blog3\/index.php?rest_route=\/wp\/v2\/posts\/1789\/revisions"}],"wp:attachment":[{"href":"https:\/\/jlggb.net\/blog3\/index.php?rest_route=%2Fwp%2Fv2%2Fmedia&parent=1789"}],"wp:term":[{"taxonomy":"category","embeddable":true,"href":"https:\/\/jlggb.net\/blog3\/index.php?rest_route=%2Fwp%2Fv2%2Fcategories&post=1789"},{"taxonomy":"post_tag","embeddable":true,"href":"https:\/\/jlggb.net\/blog3\/index.php?rest_route=%2Fwp%2Fv2%2Ftags&post=1789"}],"curies":[{"name":"wp","href":"https:\/\/api.w.org\/{rel}","templated":true}]}}