{"id":1767,"date":"2012-03-21T23:35:58","date_gmt":"2012-03-21T22:35:58","guid":{"rendered":"http:\/\/jlggb.net\/blog3\/?p=1767"},"modified":"2020-08-23T12:19:48","modified_gmt":"2020-08-23T10:19:48","slug":"match-nul","status":"publish","type":"post","link":"https:\/\/jlggb.net\/blog3\/?p=1767","title":{"rendered":"Match nul"},"content":{"rendered":"<p><a href=\"https:\/\/jlggb.net\/blog3\/wp-content\/uploads\/2012\/03\/eames-bernina.jpg\" data-rel=\"lightbox-image-0\" data-imagelightbox=\"0\" data-rl_title=\"\" data-rl_caption=\"\"><img loading=\"lazy\" decoding=\"async\" class=\"alignnone size-full wp-image-1768\" title=\"\" src=\"https:\/\/jlggb.net\/blog3\/wp-content\/uploads\/2012\/03\/eames-bernina.jpg\" alt=\"\" width=\"640\" height=\"480\" srcset=\"https:\/\/jlggb.net\/blog3\/wp-content\/uploads\/2012\/03\/eames-bernina.jpg 1280w, https:\/\/jlggb.net\/blog3\/wp-content\/uploads\/2012\/03\/eames-bernina-300x225.jpg 300w, https:\/\/jlggb.net\/blog3\/wp-content\/uploads\/2012\/03\/eames-bernina-1024x768.jpg 1024w, https:\/\/jlggb.net\/blog3\/wp-content\/uploads\/2012\/03\/eames-bernina-150x112.jpg 150w\" sizes=\"auto, (max-width: 640px) 100vw, 640px\" \/><\/a><br \/>\nMercredi 21 mars 2012, 22h, Gen\u00e8ve. L&rsquo;h\u00f4tel Bernina, face \u00e0 la gare Cornavin, s&rsquo;invente, \u00e0 l&rsquo;occasion d&rsquo;une r\u00e9novation \u00e0 la va-vite en h\u00f4tel bon march\u00e9, un pass\u00e9 qui n&rsquo;est pas le sien. C&rsquo;\u00e9tait probablement (on en voit des indices int\u00e9ressants) un solide \u00e9tablissement de standing \u00e0 la mode genevoise qui ne devait rien \u00e0 la Californie. Il reste que voici un fauteuil des \u00e9poux Eames qu&rsquo;on se sent oblig\u00e9 de collectionner en d\u00e9pit du go\u00fbt d\u00e9sormais convenu (<em>vintage<\/em> du mod\u00e8le DAX avec pi\u00e8tement Lafonda, toujours \u00e9dit\u00e9).<br \/>\nVoir, par exemple, <a href=\"http:\/\/www.eckhart.nl\/en\/nieuws\/blog\/31-on-charles-and-ray-eames\" target=\"_blank\" rel=\"noopener\">ici<\/a>. Et les articles pr\u00e9c\u00e9dents&nbsp;: <a href=\"http:\/\/jlggb.net\/blog2\/?s=eames\" target=\"_blank\" rel=\"noopener\">http:\/\/jlggb.net\/blog2\/?s=eames<\/a><\/p>\n","protected":false},"excerpt":{"rendered":"<p>Mercredi 21 mars 2012, 22h, Gen\u00e8ve. L&rsquo;h\u00f4tel Bernina, face \u00e0 la gare Cornavin, s&rsquo;invente, \u00e0 l&rsquo;occasion d&rsquo;une r\u00e9novation \u00e0 la va-vite en h\u00f4tel bon march\u00e9, un pass\u00e9 qui n&rsquo;est pas le sien. C&rsquo;\u00e9tait probablement (on en voit des indices int\u00e9ressants) un solide \u00e9tablissement de standing \u00e0 la mode genevoise qui ne devait rien \u00e0 la &hellip; <a href=\"https:\/\/jlggb.net\/blog3\/?p=1767\" class=\"more-link\">Continuer la lecture de <span class=\"screen-reader-text\">Match nul<\/span><\/a><\/p>\n","protected":false},"author":2,"featured_media":0,"comment_status":"closed","ping_status":"closed","sticky":false,"template":"","format":"standard","meta":{"footnotes":""},"categories":[43],"tags":[229,80],"class_list":["post-1767","post","type-post","status-publish","format-standard","hentry","category-design","tag-eames","tag-geneve"],"_links":{"self":[{"href":"https:\/\/jlggb.net\/blog3\/index.php?rest_route=\/wp\/v2\/posts\/1767","targetHints":{"allow":["GET"]}}],"collection":[{"href":"https:\/\/jlggb.net\/blog3\/index.php?rest_route=\/wp\/v2\/posts"}],"about":[{"href":"https:\/\/jlggb.net\/blog3\/index.php?rest_route=\/wp\/v2\/types\/post"}],"author":[{"embeddable":true,"href":"https:\/\/jlggb.net\/blog3\/index.php?rest_route=\/wp\/v2\/users\/2"}],"replies":[{"embeddable":true,"href":"https:\/\/jlggb.net\/blog3\/index.php?rest_route=%2Fwp%2Fv2%2Fcomments&post=1767"}],"version-history":[{"count":0,"href":"https:\/\/jlggb.net\/blog3\/index.php?rest_route=\/wp\/v2\/posts\/1767\/revisions"}],"wp:attachment":[{"href":"https:\/\/jlggb.net\/blog3\/index.php?rest_route=%2Fwp%2Fv2%2Fmedia&parent=1767"}],"wp:term":[{"taxonomy":"category","embeddable":true,"href":"https:\/\/jlggb.net\/blog3\/index.php?rest_route=%2Fwp%2Fv2%2Fcategories&post=1767"},{"taxonomy":"post_tag","embeddable":true,"href":"https:\/\/jlggb.net\/blog3\/index.php?rest_route=%2Fwp%2Fv2%2Ftags&post=1767"}],"curies":[{"name":"wp","href":"https:\/\/api.w.org\/{rel}","templated":true}]}}