{"id":1645,"date":"2012-03-10T16:30:23","date_gmt":"2012-03-10T15:30:23","guid":{"rendered":"http:\/\/jlggb.net\/blog3\/?p=1645"},"modified":"2020-08-23T12:25:04","modified_gmt":"2020-08-23T10:25:04","slug":"le-musee-des-beaux-arts-de-la-chaux-de-fonds","status":"publish","type":"post","link":"https:\/\/jlggb.net\/blog3\/?p=1645","title":{"rendered":"Le mus\u00e9e des Beaux-Arts de la Chaux de Fonds"},"content":{"rendered":"<p><a href=\"https:\/\/jlggb.net\/blog3\/wp-content\/uploads\/2012\/03\/lcdf-musee-old.jpg\" data-rel=\"lightbox-image-0\" data-imagelightbox=\"0\" data-rl_title=\"\" data-rl_caption=\"\"><img loading=\"lazy\" decoding=\"async\" class=\"alignnone size-full wp-image-1649\" title=\"\" src=\"https:\/\/jlggb.net\/blog3\/wp-content\/uploads\/2012\/03\/lcdf-musee-old.jpg\" alt=\"\" width=\"640\" height=\"480\" srcset=\"https:\/\/jlggb.net\/blog3\/wp-content\/uploads\/2012\/03\/lcdf-musee-old.jpg 1280w, https:\/\/jlggb.net\/blog3\/wp-content\/uploads\/2012\/03\/lcdf-musee-old-300x225.jpg 300w, https:\/\/jlggb.net\/blog3\/wp-content\/uploads\/2012\/03\/lcdf-musee-old-1024x768.jpg 1024w, https:\/\/jlggb.net\/blog3\/wp-content\/uploads\/2012\/03\/lcdf-musee-old-150x112.jpg 150w\" sizes=\"auto, (max-width: 640px) 100vw, 640px\" \/><\/a><br \/>\n<a href=\"https:\/\/jlggb.net\/blog3\/wp-content\/uploads\/2012\/03\/lcdf-musee-new.jpg\" data-rel=\"lightbox-image-1\" data-imagelightbox=\"1\" data-rl_title=\"\" data-rl_caption=\"\"><img loading=\"lazy\" decoding=\"async\" class=\"alignnone size-full wp-image-1648\" title=\"\" src=\"https:\/\/jlggb.net\/blog3\/wp-content\/uploads\/2012\/03\/lcdf-musee-new.jpg\" alt=\"\" width=\"640\" height=\"480\" srcset=\"https:\/\/jlggb.net\/blog3\/wp-content\/uploads\/2012\/03\/lcdf-musee-new.jpg 1280w, https:\/\/jlggb.net\/blog3\/wp-content\/uploads\/2012\/03\/lcdf-musee-new-300x225.jpg 300w, https:\/\/jlggb.net\/blog3\/wp-content\/uploads\/2012\/03\/lcdf-musee-new-1024x768.jpg 1024w, https:\/\/jlggb.net\/blog3\/wp-content\/uploads\/2012\/03\/lcdf-musee-new-150x112.jpg 150w\" sizes=\"auto, (max-width: 640px) 100vw, 640px\" \/><\/a><br \/>\nSamedi 10 mars 2012, 16h30, La Chaux-de-Fonds, mus\u00e9e des Beaux-Arts. C&rsquo;est l&rsquo;un des mus\u00e9es que l&rsquo;on pr\u00e9f\u00e8re. Qualit\u00e9 et modestie des espaces, des circulations, des murs. Et surtout de la lumi\u00e8re, dans le b\u00e2timent ancien (1923-1926) comme dans l&rsquo;extension souterraine moderne (1990-1993).<\/p>\n","protected":false},"excerpt":{"rendered":"<p>Samedi 10 mars 2012, 16h30, La Chaux-de-Fonds, mus\u00e9e des Beaux-Arts. C&rsquo;est l&rsquo;un des mus\u00e9es que l&rsquo;on pr\u00e9f\u00e8re. Qualit\u00e9 et modestie des espaces, des circulations, des murs. Et surtout de la lumi\u00e8re, dans le b\u00e2timent ancien (1923-1926) comme dans l&rsquo;extension souterraine moderne (1990-1993).<\/p>\n","protected":false},"author":2,"featured_media":0,"comment_status":"closed","ping_status":"closed","sticky":false,"template":"","format":"standard","meta":{"footnotes":""},"categories":[64,7],"tags":[214,215],"class_list":["post-1645","post","type-post","status-publish","format-standard","hentry","category-architecture","category-arts","tag-la-chaux-de-fonds","tag-musee"],"_links":{"self":[{"href":"https:\/\/jlggb.net\/blog3\/index.php?rest_route=\/wp\/v2\/posts\/1645","targetHints":{"allow":["GET"]}}],"collection":[{"href":"https:\/\/jlggb.net\/blog3\/index.php?rest_route=\/wp\/v2\/posts"}],"about":[{"href":"https:\/\/jlggb.net\/blog3\/index.php?rest_route=\/wp\/v2\/types\/post"}],"author":[{"embeddable":true,"href":"https:\/\/jlggb.net\/blog3\/index.php?rest_route=\/wp\/v2\/users\/2"}],"replies":[{"embeddable":true,"href":"https:\/\/jlggb.net\/blog3\/index.php?rest_route=%2Fwp%2Fv2%2Fcomments&post=1645"}],"version-history":[{"count":0,"href":"https:\/\/jlggb.net\/blog3\/index.php?rest_route=\/wp\/v2\/posts\/1645\/revisions"}],"wp:attachment":[{"href":"https:\/\/jlggb.net\/blog3\/index.php?rest_route=%2Fwp%2Fv2%2Fmedia&parent=1645"}],"wp:term":[{"taxonomy":"category","embeddable":true,"href":"https:\/\/jlggb.net\/blog3\/index.php?rest_route=%2Fwp%2Fv2%2Fcategories&post=1645"},{"taxonomy":"post_tag","embeddable":true,"href":"https:\/\/jlggb.net\/blog3\/index.php?rest_route=%2Fwp%2Fv2%2Ftags&post=1645"}],"curies":[{"name":"wp","href":"https:\/\/api.w.org\/{rel}","templated":true}]}}