{"id":1594,"date":"2012-03-08T18:00:28","date_gmt":"2012-03-08T17:00:28","guid":{"rendered":"http:\/\/jlggb.net\/blog3\/?p=1594"},"modified":"2020-08-23T12:29:20","modified_gmt":"2020-08-23T10:29:20","slug":"le-cafe-du-marche-de-plainpalais","status":"publish","type":"post","link":"https:\/\/jlggb.net\/blog3\/?p=1594","title":{"rendered":"Le Caf\u00e9 du march\u00e9 \u00e0 Plainpalais"},"content":{"rendered":"<p><a href=\"https:\/\/jlggb.net\/blog3\/wp-content\/uploads\/2012\/03\/cafe-du-marche.jpg\" data-rel=\"lightbox-image-0\" data-imagelightbox=\"0\" data-rl_title=\"\" data-rl_caption=\"\"><img loading=\"lazy\" decoding=\"async\" class=\"alignnone size-full wp-image-1595\" title=\"\" src=\"https:\/\/jlggb.net\/blog3\/wp-content\/uploads\/2012\/03\/cafe-du-marche.jpg\" alt=\"\" width=\"640\" height=\"480\" srcset=\"https:\/\/jlggb.net\/blog3\/wp-content\/uploads\/2012\/03\/cafe-du-marche.jpg 1280w, https:\/\/jlggb.net\/blog3\/wp-content\/uploads\/2012\/03\/cafe-du-marche-300x225.jpg 300w, https:\/\/jlggb.net\/blog3\/wp-content\/uploads\/2012\/03\/cafe-du-marche-1024x768.jpg 1024w, https:\/\/jlggb.net\/blog3\/wp-content\/uploads\/2012\/03\/cafe-du-marche-150x112.jpg 150w\" sizes=\"auto, (max-width: 640px) 100vw, 640px\" \/><\/a><br \/>\nJeudi 8 mars 2012, 18h, 16 avenue Henri Dunant, Gen\u00e8ve. Le Caf\u00e9 du march\u00e9 a \u00e9t\u00e9 fond\u00e9 en 1902*. L&rsquo;architecture de son immeuble, une mani\u00e8re de chalet en b\u00e9ton arm\u00e9, est \u00e9tonnante et devrait faire l&rsquo;objet d&rsquo;un billet. Tellement <em>stamm<\/em> qu&rsquo;on peut m\u00eame y venir seul. Boiseries, table et chaises vernies dans des tons de jaune et de rouge, s&rsquo;accordent \u00e0 la lumi\u00e8re bleue de la plaine de Plainpalais par des vitres tr\u00e8s hautes. Et ce pan de mur habill\u00e9 de bois, juste contre la porte au centre de la vitrine, qui organise, sans en avoir l&rsquo;air, \u00e0 la fois l&rsquo;espace et la client\u00e8le.<br \/>\n* En 2002, pour son centenaire, j&rsquo;y suis venu le jour o\u00f9 les prix \u00e9taient divis\u00e9s par cent&nbsp;!<\/p>\n","protected":false},"excerpt":{"rendered":"<p>Jeudi 8 mars 2012, 18h, 16 avenue Henri Dunant, Gen\u00e8ve. Le Caf\u00e9 du march\u00e9 a \u00e9t\u00e9 fond\u00e9 en 1902*. L&rsquo;architecture de son immeuble, une mani\u00e8re de chalet en b\u00e9ton arm\u00e9, est \u00e9tonnante et devrait faire l&rsquo;objet d&rsquo;un billet. Tellement stamm qu&rsquo;on peut m\u00eame y venir seul. Boiseries, table et chaises vernies dans des tons de &hellip; <a href=\"https:\/\/jlggb.net\/blog3\/?p=1594\" class=\"more-link\">Continuer la lecture de <span class=\"screen-reader-text\">Le Caf\u00e9 du march\u00e9 \u00e0 Plainpalais<\/span><\/a><\/p>\n","protected":false},"author":2,"featured_media":0,"comment_status":"closed","ping_status":"closed","sticky":false,"template":"","format":"standard","meta":{"footnotes":""},"categories":[64,60,24],"tags":[120,80],"class_list":["post-1594","post","type-post","status-publish","format-standard","hentry","category-architecture","category-couleurs","category-monuments","tag-cafe","tag-geneve"],"_links":{"self":[{"href":"https:\/\/jlggb.net\/blog3\/index.php?rest_route=\/wp\/v2\/posts\/1594","targetHints":{"allow":["GET"]}}],"collection":[{"href":"https:\/\/jlggb.net\/blog3\/index.php?rest_route=\/wp\/v2\/posts"}],"about":[{"href":"https:\/\/jlggb.net\/blog3\/index.php?rest_route=\/wp\/v2\/types\/post"}],"author":[{"embeddable":true,"href":"https:\/\/jlggb.net\/blog3\/index.php?rest_route=\/wp\/v2\/users\/2"}],"replies":[{"embeddable":true,"href":"https:\/\/jlggb.net\/blog3\/index.php?rest_route=%2Fwp%2Fv2%2Fcomments&post=1594"}],"version-history":[{"count":0,"href":"https:\/\/jlggb.net\/blog3\/index.php?rest_route=\/wp\/v2\/posts\/1594\/revisions"}],"wp:attachment":[{"href":"https:\/\/jlggb.net\/blog3\/index.php?rest_route=%2Fwp%2Fv2%2Fmedia&parent=1594"}],"wp:term":[{"taxonomy":"category","embeddable":true,"href":"https:\/\/jlggb.net\/blog3\/index.php?rest_route=%2Fwp%2Fv2%2Fcategories&post=1594"},{"taxonomy":"post_tag","embeddable":true,"href":"https:\/\/jlggb.net\/blog3\/index.php?rest_route=%2Fwp%2Fv2%2Ftags&post=1594"}],"curies":[{"name":"wp","href":"https:\/\/api.w.org\/{rel}","templated":true}]}}