{"id":1590,"date":"2012-03-08T17:01:38","date_gmt":"2012-03-08T16:01:38","guid":{"rendered":"http:\/\/jlggb.net\/blog3\/?p=1590"},"modified":"2020-08-23T12:30:31","modified_gmt":"2020-08-23T10:30:31","slug":"facades-de-derriere","status":"publish","type":"post","link":"https:\/\/jlggb.net\/blog3\/?p=1590","title":{"rendered":"Fa\u00e7ades de derri\u00e8re"},"content":{"rendered":"<p><a href=\"https:\/\/jlggb.net\/blog3\/wp-content\/uploads\/2012\/03\/facade-corraterie.jpg\" data-rel=\"lightbox-image-0\" data-imagelightbox=\"0\" data-rl_title=\"\" data-rl_caption=\"\"><img loading=\"lazy\" decoding=\"async\" class=\"alignnone size-full wp-image-1591\" title=\"\" src=\"https:\/\/jlggb.net\/blog3\/wp-content\/uploads\/2012\/03\/facade-corraterie.jpg\" alt=\"\" width=\"640\" height=\"480\" srcset=\"https:\/\/jlggb.net\/blog3\/wp-content\/uploads\/2012\/03\/facade-corraterie.jpg 1280w, https:\/\/jlggb.net\/blog3\/wp-content\/uploads\/2012\/03\/facade-corraterie-300x225.jpg 300w, https:\/\/jlggb.net\/blog3\/wp-content\/uploads\/2012\/03\/facade-corraterie-1024x768.jpg 1024w, https:\/\/jlggb.net\/blog3\/wp-content\/uploads\/2012\/03\/facade-corraterie-150x112.jpg 150w\" sizes=\"auto, (max-width: 640px) 100vw, 640px\" \/><\/a><br \/>\n<a href=\"https:\/\/jlggb.net\/blog3\/wp-content\/uploads\/2012\/03\/facade-plainpalais.jpg\" data-rel=\"lightbox-image-1\" data-imagelightbox=\"1\" data-rl_title=\"\" data-rl_caption=\"\"><img loading=\"lazy\" decoding=\"async\" class=\"alignnone size-full wp-image-1592\" title=\"\" src=\"https:\/\/jlggb.net\/blog3\/wp-content\/uploads\/2012\/03\/facade-plainpalais.jpg\" alt=\"\" width=\"640\" height=\"480\" srcset=\"https:\/\/jlggb.net\/blog3\/wp-content\/uploads\/2012\/03\/facade-plainpalais.jpg 1280w, https:\/\/jlggb.net\/blog3\/wp-content\/uploads\/2012\/03\/facade-plainpalais-300x225.jpg 300w, https:\/\/jlggb.net\/blog3\/wp-content\/uploads\/2012\/03\/facade-plainpalais-1024x768.jpg 1024w, https:\/\/jlggb.net\/blog3\/wp-content\/uploads\/2012\/03\/facade-plainpalais-150x112.jpg 150w\" sizes=\"auto, (max-width: 640px) 100vw, 640px\" \/><\/a><br \/>\nJeudi 8 mars 2012, 17h-17h30, Gen\u00e8ve. Des immeubles de la rue Corraterie et de l&rsquo;avenue Henri Dunant \u00e0 Plainpalais, vus de derri\u00e8re sous un beau ciel d&rsquo;apr\u00e8s les nuages et dans une lumi\u00e8re tardive. J&rsquo;y vois une certaine qualit\u00e9 genevoise.<\/p>\n","protected":false},"excerpt":{"rendered":"<p>Jeudi 8 mars 2012, 17h-17h30, Gen\u00e8ve. Des immeubles de la rue Corraterie et de l&rsquo;avenue Henri Dunant \u00e0 Plainpalais, vus de derri\u00e8re sous un beau ciel d&rsquo;apr\u00e8s les nuages et dans une lumi\u00e8re tardive. J&rsquo;y vois une certaine qualit\u00e9 genevoise.<\/p>\n","protected":false},"author":2,"featured_media":0,"comment_status":"closed","ping_status":"closed","sticky":false,"template":"","format":"standard","meta":{"footnotes":""},"categories":[64,605,85],"tags":[80],"class_list":["post-1590","post","type-post","status-publish","format-standard","hentry","category-architecture","category-ciels","category-ville","tag-geneve"],"_links":{"self":[{"href":"https:\/\/jlggb.net\/blog3\/index.php?rest_route=\/wp\/v2\/posts\/1590","targetHints":{"allow":["GET"]}}],"collection":[{"href":"https:\/\/jlggb.net\/blog3\/index.php?rest_route=\/wp\/v2\/posts"}],"about":[{"href":"https:\/\/jlggb.net\/blog3\/index.php?rest_route=\/wp\/v2\/types\/post"}],"author":[{"embeddable":true,"href":"https:\/\/jlggb.net\/blog3\/index.php?rest_route=\/wp\/v2\/users\/2"}],"replies":[{"embeddable":true,"href":"https:\/\/jlggb.net\/blog3\/index.php?rest_route=%2Fwp%2Fv2%2Fcomments&post=1590"}],"version-history":[{"count":0,"href":"https:\/\/jlggb.net\/blog3\/index.php?rest_route=\/wp\/v2\/posts\/1590\/revisions"}],"wp:attachment":[{"href":"https:\/\/jlggb.net\/blog3\/index.php?rest_route=%2Fwp%2Fv2%2Fmedia&parent=1590"}],"wp:term":[{"taxonomy":"category","embeddable":true,"href":"https:\/\/jlggb.net\/blog3\/index.php?rest_route=%2Fwp%2Fv2%2Fcategories&post=1590"},{"taxonomy":"post_tag","embeddable":true,"href":"https:\/\/jlggb.net\/blog3\/index.php?rest_route=%2Fwp%2Fv2%2Ftags&post=1590"}],"curies":[{"name":"wp","href":"https:\/\/api.w.org\/{rel}","templated":true}]}}