{"id":1587,"date":"2012-03-08T16:30:23","date_gmt":"2012-03-08T15:30:23","guid":{"rendered":"http:\/\/jlggb.net\/blog3\/?p=1587"},"modified":"2020-08-23T12:31:09","modified_gmt":"2020-08-23T10:31:09","slug":"la-vitrine-modele-du-modelisme","status":"publish","type":"post","link":"https:\/\/jlggb.net\/blog3\/?p=1587","title":{"rendered":"La vitrine mod\u00e8le du mod\u00e9lisme"},"content":{"rendered":"<p><a href=\"https:\/\/jlggb.net\/blog3\/wp-content\/uploads\/2012\/03\/boller-geneve.jpg\" data-rel=\"lightbox-image-0\" data-imagelightbox=\"0\" data-rl_title=\"\" data-rl_caption=\"\"><img loading=\"lazy\" decoding=\"async\" class=\"alignnone size-full wp-image-1588\" title=\"\" src=\"https:\/\/jlggb.net\/blog3\/wp-content\/uploads\/2012\/03\/boller-geneve.jpg\" alt=\"\" width=\"640\" height=\"480\" srcset=\"https:\/\/jlggb.net\/blog3\/wp-content\/uploads\/2012\/03\/boller-geneve.jpg 1280w, https:\/\/jlggb.net\/blog3\/wp-content\/uploads\/2012\/03\/boller-geneve-300x225.jpg 300w, https:\/\/jlggb.net\/blog3\/wp-content\/uploads\/2012\/03\/boller-geneve-1024x768.jpg 1024w, https:\/\/jlggb.net\/blog3\/wp-content\/uploads\/2012\/03\/boller-geneve-150x112.jpg 150w\" sizes=\"auto, (max-width: 640px) 100vw, 640px\" \/><\/a><br \/>\nJeudi 8 mars 2012, 17h, boulevard Georges Favon, Gen\u00e8ve. Trains miniatures, voitures en mod\u00e8les r\u00e9duits. C&rsquo;est le genre de vitrine qui attire les enfants attard\u00e9s et les p\u00e8res. Je me souviens avoir achet\u00e9 l\u00e0, pour \u00c9., il y a 20 ans, une berline d\u00e9capotable grise am\u00e9ricaine. Malgr\u00e9 un store pas raccord et des vitrines ext\u00e9rieures ajout\u00e9es, c&rsquo;est quand m\u00eame un mod\u00e8le de design et de typographie.<\/p>\n","protected":false},"excerpt":{"rendered":"<p>Jeudi 8 mars 2012, 17h, boulevard Georges Favon, Gen\u00e8ve. Trains miniatures, voitures en mod\u00e8les r\u00e9duits. C&rsquo;est le genre de vitrine qui attire les enfants attard\u00e9s et les p\u00e8res. Je me souviens avoir achet\u00e9 l\u00e0, pour \u00c9., il y a 20 ans, une berline d\u00e9capotable grise am\u00e9ricaine. Malgr\u00e9 un store pas raccord et des vitrines ext\u00e9rieures &hellip; <a href=\"https:\/\/jlggb.net\/blog3\/?p=1587\" class=\"more-link\">Continuer la lecture de <span class=\"screen-reader-text\">La vitrine mod\u00e8le du mod\u00e9lisme<\/span><\/a><\/p>\n","protected":false},"author":2,"featured_media":0,"comment_status":"closed","ping_status":"closed","sticky":false,"template":"","format":"standard","meta":{"footnotes":""},"categories":[75,76,34],"tags":[80,15],"class_list":["post-1587","post","type-post","status-publish","format-standard","hentry","category-enseignes","category-typographie","category-vitrines","tag-geneve","tag-jouets"],"_links":{"self":[{"href":"https:\/\/jlggb.net\/blog3\/index.php?rest_route=\/wp\/v2\/posts\/1587","targetHints":{"allow":["GET"]}}],"collection":[{"href":"https:\/\/jlggb.net\/blog3\/index.php?rest_route=\/wp\/v2\/posts"}],"about":[{"href":"https:\/\/jlggb.net\/blog3\/index.php?rest_route=\/wp\/v2\/types\/post"}],"author":[{"embeddable":true,"href":"https:\/\/jlggb.net\/blog3\/index.php?rest_route=\/wp\/v2\/users\/2"}],"replies":[{"embeddable":true,"href":"https:\/\/jlggb.net\/blog3\/index.php?rest_route=%2Fwp%2Fv2%2Fcomments&post=1587"}],"version-history":[{"count":0,"href":"https:\/\/jlggb.net\/blog3\/index.php?rest_route=\/wp\/v2\/posts\/1587\/revisions"}],"wp:attachment":[{"href":"https:\/\/jlggb.net\/blog3\/index.php?rest_route=%2Fwp%2Fv2%2Fmedia&parent=1587"}],"wp:term":[{"taxonomy":"category","embeddable":true,"href":"https:\/\/jlggb.net\/blog3\/index.php?rest_route=%2Fwp%2Fv2%2Fcategories&post=1587"},{"taxonomy":"post_tag","embeddable":true,"href":"https:\/\/jlggb.net\/blog3\/index.php?rest_route=%2Fwp%2Fv2%2Ftags&post=1587"}],"curies":[{"name":"wp","href":"https:\/\/api.w.org\/{rel}","templated":true}]}}