{"id":1540,"date":"2012-03-03T15:15:30","date_gmt":"2012-03-03T14:15:30","guid":{"rendered":"http:\/\/jlggb.net\/blog3\/?p=1540"},"modified":"2020-08-23T12:34:04","modified_gmt":"2020-08-23T10:34:04","slug":"godard-1977-quand-la-gauche-aura-le-pouvoir-est-ce-que-la-television-aura-toujours-aussi-peu-de-rapports-avec-les-gens","status":"publish","type":"post","link":"https:\/\/jlggb.net\/blog3\/?p=1540","title":{"rendered":"Godard, 1977 : Quand la gauche aura le pouvoir, est-ce que la t\u00e9l\u00e9vision aura toujours aussi peu de rapport avec les gens ?"},"content":{"rendered":"<p><a href=\"https:\/\/jlggb.net\/blog3\/wp-content\/uploads\/2012\/03\/godard-1977.jpg\" data-rel=\"lightbox-image-0\" data-imagelightbox=\"0\" data-rl_title=\"\" data-rl_caption=\"\"><img loading=\"lazy\" decoding=\"async\" class=\"alignnone size-full wp-image-1541\" title=\"\" src=\"https:\/\/jlggb.net\/blog3\/wp-content\/uploads\/2012\/03\/godard-1977.jpg\" alt=\"\" width=\"640\" height=\"480\" srcset=\"https:\/\/jlggb.net\/blog3\/wp-content\/uploads\/2012\/03\/godard-1977.jpg 1280w, https:\/\/jlggb.net\/blog3\/wp-content\/uploads\/2012\/03\/godard-1977-300x225.jpg 300w, https:\/\/jlggb.net\/blog3\/wp-content\/uploads\/2012\/03\/godard-1977-1024x768.jpg 1024w, https:\/\/jlggb.net\/blog3\/wp-content\/uploads\/2012\/03\/godard-1977-150x112.jpg 150w\" sizes=\"auto, (max-width: 640px) 100vw, 640px\" \/><\/a><br \/>\nSamedi 3 mars 2012, 15h15, Mus\u00e9e national d&rsquo;art moderne, cycle \u00ab\u00a0Vid\u00e9o vintage 1963-1983\u00a0\u00bb (commissaire&nbsp;: Christine van Assche). R\u00e9alis\u00e9e en 1977, une vid\u00e9o de Jean-Luc Godard pour la t\u00e9l\u00e9vision&nbsp;: <em>Faut pas r\u00eaver<\/em>, sur la chanson de Patrick Juvet et Jean-Michel Jarre, 3mn 42s. Elle comporte deux plans fixes&nbsp;: le premier o\u00f9 l&rsquo;on voit un enfant mangeant une pomme et \u00e9coutant, hors champ, une \u00e9mission de t\u00e9l\u00e9vision qui diffuse la chanson, tout en r\u00e9pondant aux questions de sa m\u00e8re; le second o\u00f9 s&rsquo;affiche, ligne apr\u00e8s ligne, le texte\u00a0: \u00ab\u00a0Quand la gauche aura le pouvoir, est-ce que la t\u00e9l\u00e9vision aura toujours aussi peu de rapport avec les gens\u00a0?\u00a0\u00bb<\/p>\n","protected":false},"excerpt":{"rendered":"<p>Samedi 3 mars 2012, 15h15, Mus\u00e9e national d&rsquo;art moderne, cycle \u00ab\u00a0Vid\u00e9o vintage 1963-1983\u00a0\u00bb (commissaire&nbsp;: Christine van Assche). R\u00e9alis\u00e9e en 1977, une vid\u00e9o de Jean-Luc Godard pour la t\u00e9l\u00e9vision&nbsp;: Faut pas r\u00eaver, sur la chanson de Patrick Juvet et Jean-Michel Jarre, 3mn 42s. Elle comporte deux plans fixes&nbsp;: le premier o\u00f9 l&rsquo;on voit un enfant mangeant &hellip; <a href=\"https:\/\/jlggb.net\/blog3\/?p=1540\" class=\"more-link\">Continuer la lecture de <span class=\"screen-reader-text\">Godard, 1977 : Quand la gauche aura le pouvoir, est-ce que la t\u00e9l\u00e9vision aura toujours aussi peu de rapport avec les gens ?<\/span><\/a><\/p>\n","protected":false},"author":2,"featured_media":0,"comment_status":"closed","ping_status":"closed","sticky":false,"template":"","format":"standard","meta":{"footnotes":""},"categories":[23],"tags":[204,27,203],"class_list":["post-1540","post","type-post","status-publish","format-standard","hentry","category-films","tag-beaubourg","tag-godard","tag-television"],"_links":{"self":[{"href":"https:\/\/jlggb.net\/blog3\/index.php?rest_route=\/wp\/v2\/posts\/1540","targetHints":{"allow":["GET"]}}],"collection":[{"href":"https:\/\/jlggb.net\/blog3\/index.php?rest_route=\/wp\/v2\/posts"}],"about":[{"href":"https:\/\/jlggb.net\/blog3\/index.php?rest_route=\/wp\/v2\/types\/post"}],"author":[{"embeddable":true,"href":"https:\/\/jlggb.net\/blog3\/index.php?rest_route=\/wp\/v2\/users\/2"}],"replies":[{"embeddable":true,"href":"https:\/\/jlggb.net\/blog3\/index.php?rest_route=%2Fwp%2Fv2%2Fcomments&post=1540"}],"version-history":[{"count":0,"href":"https:\/\/jlggb.net\/blog3\/index.php?rest_route=\/wp\/v2\/posts\/1540\/revisions"}],"wp:attachment":[{"href":"https:\/\/jlggb.net\/blog3\/index.php?rest_route=%2Fwp%2Fv2%2Fmedia&parent=1540"}],"wp:term":[{"taxonomy":"category","embeddable":true,"href":"https:\/\/jlggb.net\/blog3\/index.php?rest_route=%2Fwp%2Fv2%2Fcategories&post=1540"},{"taxonomy":"post_tag","embeddable":true,"href":"https:\/\/jlggb.net\/blog3\/index.php?rest_route=%2Fwp%2Fv2%2Ftags&post=1540"}],"curies":[{"name":"wp","href":"https:\/\/api.w.org\/{rel}","templated":true}]}}