{"id":1433,"date":"2012-02-18T13:30:35","date_gmt":"2012-02-18T12:30:35","guid":{"rendered":"http:\/\/jlggb.net\/blog3\/?p=1433"},"modified":"2020-08-23T12:43:40","modified_gmt":"2020-08-23T10:43:40","slug":"des-archives-f3-1969","status":"publish","type":"post","link":"https:\/\/jlggb.net\/blog3\/?p=1433","title":{"rendered":"Des archives : F3, 1969"},"content":{"rendered":"<p><a href=\"https:\/\/jlggb.net\/blog3\/wp-content\/uploads\/2012\/02\/F3-drapiers-1969.jpg\" data-rel=\"lightbox-image-0\" data-imagelightbox=\"0\" data-rl_title=\"\" data-rl_caption=\"\"><img loading=\"lazy\" decoding=\"async\" class=\"alignnone wp-image-1434\" title=\"\" src=\"https:\/\/jlggb.net\/blog3\/wp-content\/uploads\/2012\/02\/F3-drapiers-1969.jpg\" alt=\"\" width=\"480\" height=\"720\" srcset=\"https:\/\/jlggb.net\/blog3\/wp-content\/uploads\/2012\/02\/F3-drapiers-1969.jpg 853w, https:\/\/jlggb.net\/blog3\/wp-content\/uploads\/2012\/02\/F3-drapiers-1969-199x300.jpg 199w, https:\/\/jlggb.net\/blog3\/wp-content\/uploads\/2012\/02\/F3-drapiers-1969-682x1024.jpg 682w, https:\/\/jlggb.net\/blog3\/wp-content\/uploads\/2012\/02\/F3-drapiers-1969-99x150.jpg 99w\" sizes=\"auto, (max-width: 480px) 100vw, 480px\" \/><\/a><br \/>\nSamedi 18 f\u00e9vrier 2012, 13h30. J&rsquo;avais fait fabriquer cette enseigne en n\u00e9on (de couleur verte) pour le \u00ab\u00a0spectacle-environnement \u00bb <em>F3 ou une le\u00e7on d&rsquo;observation<\/em>, \u00ab\u00a0un ensemble programm\u00e9 de propositions plastiques constituant l&rsquo;image d&rsquo;un appartement que les spectateurs sont invit\u00e9s \u00e0 visiter par groupes de 15 sous la conduite d&rsquo;un com\u00e9dien-d\u00e9monstrateur\u00a0\u00bb, mont\u00e9 au th\u00e9\u00e2tre (exp\u00e9rimental) Les Drapiers \u00e0 Strasbourg (le premier \u00e9tage d&rsquo;une brasserie) du 3 au 24 mai 1969, avec Jean-Louis Boucher et Michel S\u00e9m\u00e9niako. Ce document pour se placer dans l&rsquo;effet de r\u00e9trospective du \u00ab\u00a0n\u00e9on d&rsquo;art\u00a0\u00bb auquel on assiste (mais qui est aussi une cl\u00f4ture, car le n\u00e9on est aujourd&rsquo;hui techniquement et \u00e9cologiquement condamn\u00e9).<\/p>\n","protected":false},"excerpt":{"rendered":"<p>Samedi 18 f\u00e9vrier 2012, 13h30. J&rsquo;avais fait fabriquer cette enseigne en n\u00e9on (de couleur verte) pour le \u00ab\u00a0spectacle-environnement \u00bb F3 ou une le\u00e7on d&rsquo;observation, \u00ab\u00a0un ensemble programm\u00e9 de propositions plastiques constituant l&rsquo;image d&rsquo;un appartement que les spectateurs sont invit\u00e9s \u00e0 visiter par groupes de 15 sous la conduite d&rsquo;un com\u00e9dien-d\u00e9monstrateur\u00a0\u00bb, mont\u00e9 au th\u00e9\u00e2tre (exp\u00e9rimental) Les &hellip; <a href=\"https:\/\/jlggb.net\/blog3\/?p=1433\" class=\"more-link\">Continuer la lecture de <span class=\"screen-reader-text\">Des archives : F3, 1969<\/span><\/a><\/p>\n","protected":false},"author":2,"featured_media":0,"comment_status":"closed","ping_status":"closed","sticky":false,"template":"","format":"standard","meta":{"footnotes":""},"categories":[7,31,191,76],"tags":[185,132,186],"class_list":["post-1433","post","type-post","status-publish","format-standard","hentry","category-arts","category-des-archives","category-theatre","category-typographie","tag-les-drapiers","tag-neon","tag-strasbourg"],"_links":{"self":[{"href":"https:\/\/jlggb.net\/blog3\/index.php?rest_route=\/wp\/v2\/posts\/1433","targetHints":{"allow":["GET"]}}],"collection":[{"href":"https:\/\/jlggb.net\/blog3\/index.php?rest_route=\/wp\/v2\/posts"}],"about":[{"href":"https:\/\/jlggb.net\/blog3\/index.php?rest_route=\/wp\/v2\/types\/post"}],"author":[{"embeddable":true,"href":"https:\/\/jlggb.net\/blog3\/index.php?rest_route=\/wp\/v2\/users\/2"}],"replies":[{"embeddable":true,"href":"https:\/\/jlggb.net\/blog3\/index.php?rest_route=%2Fwp%2Fv2%2Fcomments&post=1433"}],"version-history":[{"count":0,"href":"https:\/\/jlggb.net\/blog3\/index.php?rest_route=\/wp\/v2\/posts\/1433\/revisions"}],"wp:attachment":[{"href":"https:\/\/jlggb.net\/blog3\/index.php?rest_route=%2Fwp%2Fv2%2Fmedia&parent=1433"}],"wp:term":[{"taxonomy":"category","embeddable":true,"href":"https:\/\/jlggb.net\/blog3\/index.php?rest_route=%2Fwp%2Fv2%2Fcategories&post=1433"},{"taxonomy":"post_tag","embeddable":true,"href":"https:\/\/jlggb.net\/blog3\/index.php?rest_route=%2Fwp%2Fv2%2Ftags&post=1433"}],"curies":[{"name":"wp","href":"https:\/\/api.w.org\/{rel}","templated":true}]}}