{"id":1352,"date":"2012-02-14T00:04:31","date_gmt":"2012-02-13T23:04:31","guid":{"rendered":"http:\/\/jlggb.net\/blog3\/?p=1352"},"modified":"2020-08-23T12:46:51","modified_gmt":"2020-08-23T10:46:51","slug":"des-archives-doisneau-14","status":"publish","type":"post","link":"https:\/\/jlggb.net\/blog3\/?p=1352","title":{"rendered":"Des archives : Doisneau 1\/4"},"content":{"rendered":"<p><a href=\"https:\/\/jlggb.net\/blog3\/wp-content\/uploads\/2012\/02\/doisneau-1981-f.jpg\" data-rel=\"lightbox-image-0\" data-imagelightbox=\"0\" data-rl_title=\"\" data-rl_caption=\"\"><img loading=\"lazy\" decoding=\"async\" class=\"alignnone wp-image-1362\" title=\"\" src=\"https:\/\/jlggb.net\/blog3\/wp-content\/uploads\/2012\/02\/doisneau-1981-f.jpg\" alt=\"\" width=\"640\" height=\"428\" srcset=\"https:\/\/jlggb.net\/blog3\/wp-content\/uploads\/2012\/02\/doisneau-1981-f.jpg 1500w, https:\/\/jlggb.net\/blog3\/wp-content\/uploads\/2012\/02\/doisneau-1981-f-300x200.jpg 300w, https:\/\/jlggb.net\/blog3\/wp-content\/uploads\/2012\/02\/doisneau-1981-f-150x100.jpg 150w\" sizes=\"auto, (max-width: 640px) 100vw, 640px\" \/><\/a><br \/>\n<a href=\"https:\/\/jlggb.net\/blog3\/wp-content\/uploads\/2012\/02\/doisneau-1981-e.jpg\" data-rel=\"lightbox-image-1\" data-imagelightbox=\"1\" data-rl_title=\"\" data-rl_caption=\"\"><img loading=\"lazy\" decoding=\"async\" class=\"alignnone size-full wp-image-1361\" title=\"\" src=\"https:\/\/jlggb.net\/blog3\/wp-content\/uploads\/2012\/02\/doisneau-1981-e.jpg\" alt=\"\" width=\"640\" height=\"428\" srcset=\"https:\/\/jlggb.net\/blog3\/wp-content\/uploads\/2012\/02\/doisneau-1981-e.jpg 1500w, https:\/\/jlggb.net\/blog3\/wp-content\/uploads\/2012\/02\/doisneau-1981-e-300x200.jpg 300w, https:\/\/jlggb.net\/blog3\/wp-content\/uploads\/2012\/02\/doisneau-1981-e-150x100.jpg 150w\" sizes=\"auto, (max-width: 640px) 100vw, 640px\" \/><\/a><br \/>\n<a href=\"https:\/\/jlggb.net\/blog3\/wp-content\/uploads\/2012\/02\/doisneau-1981-a.jpg\" data-rel=\"lightbox-image-2\" data-imagelightbox=\"2\" data-rl_title=\"\" data-rl_caption=\"\"><img loading=\"lazy\" decoding=\"async\" class=\"alignnone size-full wp-image-1360\" title=\"\" src=\"https:\/\/jlggb.net\/blog3\/wp-content\/uploads\/2012\/02\/doisneau-1981-a.jpg\" alt=\"\" width=\"640\" height=\"428\" srcset=\"https:\/\/jlggb.net\/blog3\/wp-content\/uploads\/2012\/02\/doisneau-1981-a.jpg 1500w, https:\/\/jlggb.net\/blog3\/wp-content\/uploads\/2012\/02\/doisneau-1981-a-300x200.jpg 300w, https:\/\/jlggb.net\/blog3\/wp-content\/uploads\/2012\/02\/doisneau-1981-a-150x100.jpg 150w\" sizes=\"auto, (max-width: 640px) 100vw, 640px\" \/><\/a><br \/>\nLundi 14 f\u00e9vrier 2012. Cette ann\u00e9e est le centenaire de Doisneau. Des archives&nbsp;: photographies in\u00e9dites dans leur cadrage original. 1981, une id\u00e9e nous est venue&nbsp;: monter une exposition des photographies de Robert Doisneau en Chine. Yann Pavie, qui a travaill\u00e9 au Mus\u00e9e d&rsquo;art moderne de la ville de Paris \u00e0 l&rsquo;exposition de Doisneau \u00ab Les Passants qui passent \u00bb, du 11 juin au 2 septembre 1978, puis l&rsquo;a montr\u00e9e \u00e0 la Maison de la culture de Grenoble, du 26 septembre au 16 novembre 1980, organise un rendez-vous au <a href=\"https:\/\/maps.google.fr\/maps?q=46+place+Jules+Ferry+%C3%A0+Montrouge&amp;hl=fr&amp;ie=UTF8&amp;ll=48.813175,2.322962&amp;spn=0.001911,0.005745&amp;sll=48.813175,2.322962&amp;sspn=0.001918,0.005745&amp;hnear=46+Place+Jules+Ferry,+92120+Montrouge,+Hauts-De-Seine,+%C3%8Ele-de-France&amp;t=m&amp;z=19&amp;layer=c&amp;cbll=48.813146,2.323084&amp;panoid=qE2Bv5DlkYZOg0K-GA32HA&amp;cbp=13,317.48,,0,-3.46\" target=\"_blank\" rel=\"noopener\">46 place Jules Ferry \u00e0 Montrouge<\/a> dans le courant du mois de juin 1981. On verra dans de prochains billets comment les choses vont se passer. Photos \u00a9jlggb 1981.<\/p>\n","protected":false},"excerpt":{"rendered":"<p>Lundi 14 f\u00e9vrier 2012. Cette ann\u00e9e est le centenaire de Doisneau. Des archives&nbsp;: photographies in\u00e9dites dans leur cadrage original. 1981, une id\u00e9e nous est venue&nbsp;: monter une exposition des photographies de Robert Doisneau en Chine. Yann Pavie, qui a travaill\u00e9 au Mus\u00e9e d&rsquo;art moderne de la ville de Paris \u00e0 l&rsquo;exposition de Doisneau \u00ab Les &hellip; <a href=\"https:\/\/jlggb.net\/blog3\/?p=1352\" class=\"more-link\">Continuer la lecture de <span class=\"screen-reader-text\">Des archives : Doisneau 1\/4<\/span><\/a><\/p>\n","protected":false},"author":2,"featured_media":0,"comment_status":"closed","ping_status":"closed","sticky":false,"template":"","format":"standard","meta":{"footnotes":""},"categories":[24,74,70],"tags":[180],"class_list":["post-1352","post","type-post","status-publish","format-standard","hentry","category-monuments","category-personnes","category-photographies","tag-robert-doisneau"],"_links":{"self":[{"href":"https:\/\/jlggb.net\/blog3\/index.php?rest_route=\/wp\/v2\/posts\/1352","targetHints":{"allow":["GET"]}}],"collection":[{"href":"https:\/\/jlggb.net\/blog3\/index.php?rest_route=\/wp\/v2\/posts"}],"about":[{"href":"https:\/\/jlggb.net\/blog3\/index.php?rest_route=\/wp\/v2\/types\/post"}],"author":[{"embeddable":true,"href":"https:\/\/jlggb.net\/blog3\/index.php?rest_route=\/wp\/v2\/users\/2"}],"replies":[{"embeddable":true,"href":"https:\/\/jlggb.net\/blog3\/index.php?rest_route=%2Fwp%2Fv2%2Fcomments&post=1352"}],"version-history":[{"count":0,"href":"https:\/\/jlggb.net\/blog3\/index.php?rest_route=\/wp\/v2\/posts\/1352\/revisions"}],"wp:attachment":[{"href":"https:\/\/jlggb.net\/blog3\/index.php?rest_route=%2Fwp%2Fv2%2Fmedia&parent=1352"}],"wp:term":[{"taxonomy":"category","embeddable":true,"href":"https:\/\/jlggb.net\/blog3\/index.php?rest_route=%2Fwp%2Fv2%2Fcategories&post=1352"},{"taxonomy":"post_tag","embeddable":true,"href":"https:\/\/jlggb.net\/blog3\/index.php?rest_route=%2Fwp%2Fv2%2Ftags&post=1352"}],"curies":[{"name":"wp","href":"https:\/\/api.w.org\/{rel}","templated":true}]}}