{"id":1321,"date":"2012-02-10T11:00:19","date_gmt":"2012-02-10T10:00:19","guid":{"rendered":"http:\/\/jlggb.net\/blog3\/?p=1321"},"modified":"2020-08-23T12:49:29","modified_gmt":"2020-08-23T10:49:29","slug":"escalier-pour-architectes","status":"publish","type":"post","link":"https:\/\/jlggb.net\/blog3\/?p=1321","title":{"rendered":"Escalier de service architectural"},"content":{"rendered":"<p><a href=\"https:\/\/jlggb.net\/blog3\/wp-content\/uploads\/2012\/02\/paris-belleville-2.jpg\" data-rel=\"lightbox-image-0\" data-imagelightbox=\"0\" data-rl_title=\"\" data-rl_caption=\"\"><img loading=\"lazy\" decoding=\"async\" class=\"alignnone size-full wp-image-1324\" title=\"\" src=\"https:\/\/jlggb.net\/blog3\/wp-content\/uploads\/2012\/02\/paris-belleville-2.jpg\" alt=\"\" width=\"640\" height=\"480\" \/><\/a><br \/>\nVendredi 10 f\u00e9vrier 2012, 11h. Colloque Art et Recherche du minist\u00e8re de la culture \u00e0 l&rsquo;<a href=\"http:\/\/www.paris-belleville.archi.fr\/index.php?a=1&amp;b=1&amp;c=2\" target=\"_blank\" rel=\"noopener\">\u00c9cole nationale sup\u00e9rieure d&rsquo;architecture de Paris-Belleville<\/a>. Elle est install\u00e9e, depuis 2009, au 60 boulevard de la Villette, Paris, 19e, dans l&rsquo;ancien lyc\u00e9e technique Diderot, le plus vieil \u00e9tablissement d&rsquo;enseignement technique de France, largement transform\u00e9 et agrandi par l&rsquo;Atelier Jean Paul Philippon.<\/p>\n","protected":false},"excerpt":{"rendered":"<p>Vendredi 10 f\u00e9vrier 2012, 11h. Colloque Art et Recherche du minist\u00e8re de la culture \u00e0 l&rsquo;\u00c9cole nationale sup\u00e9rieure d&rsquo;architecture de Paris-Belleville. Elle est install\u00e9e, depuis 2009, au 60 boulevard de la Villette, Paris, 19e, dans l&rsquo;ancien lyc\u00e9e technique Diderot, le plus vieil \u00e9tablissement d&rsquo;enseignement technique de France, largement transform\u00e9 et agrandi par l&rsquo;Atelier Jean Paul &hellip; <a href=\"https:\/\/jlggb.net\/blog3\/?p=1321\" class=\"more-link\">Continuer la lecture de <span class=\"screen-reader-text\">Escalier de service architectural<\/span><\/a><\/p>\n","protected":false},"author":2,"featured_media":0,"comment_status":"closed","ping_status":"closed","sticky":false,"template":"","format":"standard","meta":{"footnotes":""},"categories":[64,35],"tags":[178],"class_list":["post-1321","post","type-post","status-publish","format-standard","hentry","category-architecture","category-escaliers","tag-paris-belleville"],"_links":{"self":[{"href":"https:\/\/jlggb.net\/blog3\/index.php?rest_route=\/wp\/v2\/posts\/1321","targetHints":{"allow":["GET"]}}],"collection":[{"href":"https:\/\/jlggb.net\/blog3\/index.php?rest_route=\/wp\/v2\/posts"}],"about":[{"href":"https:\/\/jlggb.net\/blog3\/index.php?rest_route=\/wp\/v2\/types\/post"}],"author":[{"embeddable":true,"href":"https:\/\/jlggb.net\/blog3\/index.php?rest_route=\/wp\/v2\/users\/2"}],"replies":[{"embeddable":true,"href":"https:\/\/jlggb.net\/blog3\/index.php?rest_route=%2Fwp%2Fv2%2Fcomments&post=1321"}],"version-history":[{"count":0,"href":"https:\/\/jlggb.net\/blog3\/index.php?rest_route=\/wp\/v2\/posts\/1321\/revisions"}],"wp:attachment":[{"href":"https:\/\/jlggb.net\/blog3\/index.php?rest_route=%2Fwp%2Fv2%2Fmedia&parent=1321"}],"wp:term":[{"taxonomy":"category","embeddable":true,"href":"https:\/\/jlggb.net\/blog3\/index.php?rest_route=%2Fwp%2Fv2%2Fcategories&post=1321"},{"taxonomy":"post_tag","embeddable":true,"href":"https:\/\/jlggb.net\/blog3\/index.php?rest_route=%2Fwp%2Fv2%2Ftags&post=1321"}],"curies":[{"name":"wp","href":"https:\/\/api.w.org\/{rel}","templated":true}]}}