{"id":1293,"date":"2012-02-08T23:59:44","date_gmt":"2012-02-08T22:59:44","guid":{"rendered":"http:\/\/jlggb.net\/blog3\/?p=1293"},"modified":"2020-08-23T12:51:13","modified_gmt":"2020-08-23T10:51:13","slug":"des-pages-dhistoire","status":"publish","type":"post","link":"https:\/\/jlggb.net\/blog3\/?p=1293","title":{"rendered":"Des pages d&rsquo;histoire"},"content":{"rendered":"<p><a href=\"https:\/\/jlggb.net\/blog3\/wp-content\/uploads\/2012\/02\/charonne-double.jpg\" data-rel=\"lightbox-image-0\" data-imagelightbox=\"0\" data-rl_title=\"\" data-rl_caption=\"\"><img loading=\"lazy\" decoding=\"async\" class=\"alignnone size-full wp-image-1294\" title=\"\" src=\"https:\/\/jlggb.net\/blog3\/wp-content\/uploads\/2012\/02\/charonne-double.jpg\" alt=\"\" width=\"640\" height=\"480\" srcset=\"https:\/\/jlggb.net\/blog3\/wp-content\/uploads\/2012\/02\/charonne-double.jpg 1280w, https:\/\/jlggb.net\/blog3\/wp-content\/uploads\/2012\/02\/charonne-double-300x225.jpg 300w, https:\/\/jlggb.net\/blog3\/wp-content\/uploads\/2012\/02\/charonne-double-1024x768.jpg 1024w, https:\/\/jlggb.net\/blog3\/wp-content\/uploads\/2012\/02\/charonne-double-150x112.jpg 150w\" sizes=\"auto, (max-width: 640px) 100vw, 640px\" \/><\/a><br \/>\nMercredi 8 f\u00e9vrier 2012; 13h30. Grand froid, temps gris. Je passe au m\u00e9tro Charonne et je photographie le livre d&rsquo;Alain Dewerpe, <em>Charonne 8 f\u00e9vrier 1962, Anthropologie historique d&rsquo;un massacre d&rsquo;\u00c9tat<\/em>, Folio histoire in\u00e9dit, 2006, que j&rsquo;ai achet\u00e9 en lu en grande partie en 2006 \u2014 il fait 898 pages (son \u00e9diteur est donc aussi \u00ab le mien \u00bb, \u00c9ric Vigne). Mon camarade Alain Frappier (nous faisions de l&rsquo;agitprop ensemble il y a pr\u00e8s de 40 ans) vient de sortir une bande dessin\u00e9e, <em>Dans l&rsquo;ombre de Charonne<\/em>, Editions du Mauconduit. Ce soir, pr\u00e9sentant Aalam Wassef, artiste \u00e9gyptien engag\u00e9 dans la R\u00e9volution au Caire (et sur Internet), que j&rsquo;ai connu chez Gallimard en 1999-2000\u00a0 \u00e0 l&rsquo;\u00e9poque de <em>Moments de Jean-Jacques Rousseau<\/em>, invit\u00e9 par l&rsquo;Observatoire des nouveaux m\u00e9dias, j&rsquo;ai cit\u00e9 ce 50e anniversaire en disant que le 8 f\u00e9vrier 1962 avait eu tendance \u00e0 masquer le 17 octobre 1961, date noire qui vit le massacre de plusieurs centaines d&rsquo;Alg\u00e9riens dans Paris et \u00e0 ses alentours. Un autre de mes camarades, Jean-Luc Einaudi, avait \u00e9crit un livre historique sur Octobre 1961 et il eut notamment le m\u00e9rite de gagner son proc\u00e8s contre Maurice Papon (le pr\u00e9fet de police lors de ces deux \u00e9v\u00e9nements) \u00e0 l&rsquo;\u00e9poque o\u00f9 celui-ci \u00e9tait poursuivi \u00e0 Bordeaux pour sa culpabilit\u00e9 dans la d\u00e9portation de Juifs. En 1963, mon camarade de lyc\u00e9e G\u00e9rard Bois me montra le film de Jacques Panigel, <em>Octobre \u00e0 Paris<\/em>, qui \u00e9tait interdit. Des ann\u00e9es plus tard, mon ami Andr\u00e9 Iten me raconta comment il avait obtenu ce m\u00eame film pour sa collection au Centre pour l&rsquo;image contemporaine de Gen\u00e8ve.<\/p>\n","protected":false},"excerpt":{"rendered":"<p>Mercredi 8 f\u00e9vrier 2012; 13h30. Grand froid, temps gris. Je passe au m\u00e9tro Charonne et je photographie le livre d&rsquo;Alain Dewerpe, Charonne 8 f\u00e9vrier 1962, Anthropologie historique d&rsquo;un massacre d&rsquo;\u00c9tat, Folio histoire in\u00e9dit, 2006, que j&rsquo;ai achet\u00e9 en lu en grande partie en 2006 \u2014 il fait 898 pages (son \u00e9diteur est donc aussi \u00ab &hellip; <a href=\"https:\/\/jlggb.net\/blog3\/?p=1293\" class=\"more-link\">Continuer la lecture de <span class=\"screen-reader-text\">Des pages d&rsquo;histoire<\/span><\/a><\/p>\n","protected":false},"author":2,"featured_media":0,"comment_status":"closed","ping_status":"closed","sticky":false,"template":"","format":"standard","meta":{"footnotes":""},"categories":[109,170,16,74],"tags":[172,171,173,36],"class_list":["post-1293","post","type-post","status-publish","format-standard","hentry","category-coincidence","category-histoire","category-livres","category-personnes","tag-17-octobre-1961","tag-8-fevrier-1962","tag-charonne","tag-paris"],"_links":{"self":[{"href":"https:\/\/jlggb.net\/blog3\/index.php?rest_route=\/wp\/v2\/posts\/1293","targetHints":{"allow":["GET"]}}],"collection":[{"href":"https:\/\/jlggb.net\/blog3\/index.php?rest_route=\/wp\/v2\/posts"}],"about":[{"href":"https:\/\/jlggb.net\/blog3\/index.php?rest_route=\/wp\/v2\/types\/post"}],"author":[{"embeddable":true,"href":"https:\/\/jlggb.net\/blog3\/index.php?rest_route=\/wp\/v2\/users\/2"}],"replies":[{"embeddable":true,"href":"https:\/\/jlggb.net\/blog3\/index.php?rest_route=%2Fwp%2Fv2%2Fcomments&post=1293"}],"version-history":[{"count":0,"href":"https:\/\/jlggb.net\/blog3\/index.php?rest_route=\/wp\/v2\/posts\/1293\/revisions"}],"wp:attachment":[{"href":"https:\/\/jlggb.net\/blog3\/index.php?rest_route=%2Fwp%2Fv2%2Fmedia&parent=1293"}],"wp:term":[{"taxonomy":"category","embeddable":true,"href":"https:\/\/jlggb.net\/blog3\/index.php?rest_route=%2Fwp%2Fv2%2Fcategories&post=1293"},{"taxonomy":"post_tag","embeddable":true,"href":"https:\/\/jlggb.net\/blog3\/index.php?rest_route=%2Fwp%2Fv2%2Ftags&post=1293"}],"curies":[{"name":"wp","href":"https:\/\/api.w.org\/{rel}","templated":true}]}}