{"id":1047,"date":"2012-01-25T14:00:14","date_gmt":"2012-01-25T13:00:14","guid":{"rendered":"http:\/\/jlggb.net\/blog3\/?p=1047"},"modified":"2020-08-23T13:14:38","modified_gmt":"2020-08-23T11:14:38","slug":"en-plein-hiver-un-arbuste-sans-feuilles-mais-avec-des-bouquets-de-fleurs-odorantes","status":"publish","type":"post","link":"https:\/\/jlggb.net\/blog3\/?p=1047","title":{"rendered":"En plein hiver, un arbuste sans feuilles mais avec des bouquets de fleurs odorantes"},"content":{"rendered":"<p><a href=\"https:\/\/jlggb.net\/blog3\/wp-content\/uploads\/2012\/01\/jardin-des-plantes-fleurs.jpg\" data-rel=\"lightbox-image-0\" data-imagelightbox=\"0\" data-rl_title=\"\" data-rl_caption=\"\"><img loading=\"lazy\" decoding=\"async\" class=\"alignnone size-full wp-image-1052\" title=\"\" src=\"https:\/\/jlggb.net\/blog3\/wp-content\/uploads\/2012\/01\/jardin-des-plantes-fleurs.jpg\" alt=\"\" width=\"640\" height=\"480\" \/><\/a><br \/>\nMercredi 25 janvier 2012, 14h. Traversant le Jardin des plantes, comme souvent le mercredi au d\u00e9but de l&rsquo;apr\u00e8s-midi, je remarque, dans un parc presque sans fleurs et sous un ciel tr\u00e8s sombre, cet arbuste aux branches nues mais avec des bouquets de fleurs roses et blanches d\u00e9licatement odorantes. Il doit s&rsquo;agir d&rsquo;une esp\u00e8ce de viorne.<\/p>\n","protected":false},"excerpt":{"rendered":"<p>Mercredi 25 janvier 2012, 14h. Traversant le Jardin des plantes, comme souvent le mercredi au d\u00e9but de l&rsquo;apr\u00e8s-midi, je remarque, dans un parc presque sans fleurs et sous un ciel tr\u00e8s sombre, cet arbuste aux branches nues mais avec des bouquets de fleurs roses et blanches d\u00e9licatement odorantes. Il doit s&rsquo;agir d&rsquo;une esp\u00e8ce de viorne.<\/p>\n","protected":false},"author":2,"featured_media":0,"comment_status":"closed","ping_status":"closed","sticky":false,"template":"","format":"standard","meta":{"footnotes":""},"categories":[115],"tags":[154,153],"class_list":["post-1047","post","type-post","status-publish","format-standard","hentry","category-plantes-2","tag-fleur","tag-jardin-des-plantes"],"_links":{"self":[{"href":"https:\/\/jlggb.net\/blog3\/index.php?rest_route=\/wp\/v2\/posts\/1047","targetHints":{"allow":["GET"]}}],"collection":[{"href":"https:\/\/jlggb.net\/blog3\/index.php?rest_route=\/wp\/v2\/posts"}],"about":[{"href":"https:\/\/jlggb.net\/blog3\/index.php?rest_route=\/wp\/v2\/types\/post"}],"author":[{"embeddable":true,"href":"https:\/\/jlggb.net\/blog3\/index.php?rest_route=\/wp\/v2\/users\/2"}],"replies":[{"embeddable":true,"href":"https:\/\/jlggb.net\/blog3\/index.php?rest_route=%2Fwp%2Fv2%2Fcomments&post=1047"}],"version-history":[{"count":0,"href":"https:\/\/jlggb.net\/blog3\/index.php?rest_route=\/wp\/v2\/posts\/1047\/revisions"}],"wp:attachment":[{"href":"https:\/\/jlggb.net\/blog3\/index.php?rest_route=%2Fwp%2Fv2%2Fmedia&parent=1047"}],"wp:term":[{"taxonomy":"category","embeddable":true,"href":"https:\/\/jlggb.net\/blog3\/index.php?rest_route=%2Fwp%2Fv2%2Fcategories&post=1047"},{"taxonomy":"post_tag","embeddable":true,"href":"https:\/\/jlggb.net\/blog3\/index.php?rest_route=%2Fwp%2Fv2%2Ftags&post=1047"}],"curies":[{"name":"wp","href":"https:\/\/api.w.org\/{rel}","templated":true}]}}