{"id":977,"date":"2010-01-19T15:30:17","date_gmt":"2010-01-19T15:30:17","guid":{"rendered":"http:\/\/jlggb.net\/blog2\/?p=977"},"modified":"2010-01-30T09:54:32","modified_gmt":"2010-01-30T09:54:32","slug":"soleil-de-janvier","status":"publish","type":"post","link":"https:\/\/jlggb.net\/blog2\/?p=977","title":{"rendered":"Lumi\u00e8re de janvier"},"content":{"rendered":"<p>Document\u00e9 une premi\u00e8re fois dans&nbsp;: \u00ab Escalier philosophe technicien \u00bb, le b\u00e2timent (<a href=\"http:\/\/www.jjoberson.ch\/site1\/index.php?id=38,0,0,1,0,0\" target=\"_blank\">1980-1990, Jean-Jacques Oberson<\/a>) de l&rsquo;\u00e9cole d&rsquo;ing\u00e9nieurs de Gen\u00e8ve (aujourd&rsquo;hui HEPIA) nous int\u00e9resse pour la fa\u00e7on dont il capte la lumi\u00e8re d&rsquo;hiver (\u00e7a se confirme&nbsp;: \u00ab autour du 16 janvier, il y a souvent des journ\u00e9es exceptionnelles \u00bb). C&rsquo;est qu&rsquo;il consiste en une r\u00e9habilitation qui double une construction ancienne de galeries et escaliers largement vitr\u00e9s.<\/p>\n<p><a href=\"https:\/\/jlggb.net\/blog2\/wp-content\/uploads\/2010\/01\/hepia-verri\u00e8re.jpg\" data-rel=\"lightbox-image-0\" data-imagelightbox=\"0\" data-rl_title=\"\" data-rl_caption=\"\"><img loading=\"lazy\" decoding=\"async\" class=\"alignnone size-full wp-image-979\" title=\"\" src=\"https:\/\/jlggb.net\/blog2\/wp-content\/uploads\/2010\/01\/hepia-verri\u00e8re.jpg\" alt=\"\" width=\"640\" height=\"480\" \/><\/a><br \/>\n<a href=\"https:\/\/jlggb.net\/blog2\/wp-content\/uploads\/2010\/01\/hepia-vitrine.jpg\" data-rel=\"lightbox-image-1\" data-imagelightbox=\"1\" data-rl_title=\"\" data-rl_caption=\"\"><img loading=\"lazy\" decoding=\"async\" class=\"alignnone size-full wp-image-980\" title=\"\" src=\"https:\/\/jlggb.net\/blog2\/wp-content\/uploads\/2010\/01\/hepia-vitrine.jpg\" alt=\"\" width=\"640\" height=\"480\" srcset=\"https:\/\/jlggb.net\/blog2\/wp-content\/uploads\/2010\/01\/hepia-vitrine.jpg 1280w, https:\/\/jlggb.net\/blog2\/wp-content\/uploads\/2010\/01\/hepia-vitrine-300x225.jpg 300w, https:\/\/jlggb.net\/blog2\/wp-content\/uploads\/2010\/01\/hepia-vitrine-1024x768.jpg 1024w\" sizes=\"auto, (max-width: 640px) 100vw, 640px\" \/><\/a><br \/>\n<a href=\"https:\/\/jlggb.net\/blog2\/wp-content\/uploads\/2010\/01\/hepia-pont.jpg\" data-rel=\"lightbox-image-2\" data-imagelightbox=\"2\" data-rl_title=\"\" data-rl_caption=\"\"><img loading=\"lazy\" decoding=\"async\" class=\"alignnone size-full wp-image-978\" title=\"\" src=\"https:\/\/jlggb.net\/blog2\/wp-content\/uploads\/2010\/01\/hepia-pont.jpg\" alt=\"\" width=\"640\" height=\"480\" srcset=\"https:\/\/jlggb.net\/blog2\/wp-content\/uploads\/2010\/01\/hepia-pont.jpg 1280w, https:\/\/jlggb.net\/blog2\/wp-content\/uploads\/2010\/01\/hepia-pont-300x225.jpg 300w, https:\/\/jlggb.net\/blog2\/wp-content\/uploads\/2010\/01\/hepia-pont-1024x768.jpg 1024w\" sizes=\"auto, (max-width: 640px) 100vw, 640px\" \/><\/a><br \/>\nMardi 19 janvier 2010, 13h43, 15h24, HEPIA (Haute \u00e9cole du paysage, d&rsquo;ing\u00e9nierie et d&rsquo;architecture), rue du Jura, Gen\u00e8ve.<\/p>\n","protected":false},"excerpt":{"rendered":"<p>Document\u00e9 une premi\u00e8re fois dans&nbsp;: \u00ab Escalier philosophe technicien \u00bb, le b\u00e2timent (1980-1990, Jean-Jacques Oberson) de l&rsquo;\u00e9cole d&rsquo;ing\u00e9nieurs de Gen\u00e8ve (aujourd&rsquo;hui HEPIA) nous int\u00e9resse pour la fa\u00e7on dont il capte la lumi\u00e8re d&rsquo;hiver (\u00e7a se confirme&nbsp;: \u00ab autour du 16 janvier, il y a souvent des journ\u00e9es exceptionnelles \u00bb). C&rsquo;est qu&rsquo;il consiste en une r\u00e9habilitation &hellip; <a href=\"https:\/\/jlggb.net\/blog2\/?p=977\" class=\"more-link\">Continuer la lecture de <span class=\"screen-reader-text\">Lumi\u00e8re de janvier<\/span><\/a><\/p>\n","protected":false},"author":2,"featured_media":0,"comment_status":"closed","ping_status":"closed","sticky":false,"template":"","format":"standard","meta":{"footnotes":""},"categories":[45,166,144],"tags":[77,178,179],"class_list":["post-977","post","type-post","status-publish","format-standard","hentry","category-architecture","category-couleur","category-escalier","tag-geneve","tag-hepia","tag-horloge"],"_links":{"self":[{"href":"https:\/\/jlggb.net\/blog2\/index.php?rest_route=\/wp\/v2\/posts\/977","targetHints":{"allow":["GET"]}}],"collection":[{"href":"https:\/\/jlggb.net\/blog2\/index.php?rest_route=\/wp\/v2\/posts"}],"about":[{"href":"https:\/\/jlggb.net\/blog2\/index.php?rest_route=\/wp\/v2\/types\/post"}],"author":[{"embeddable":true,"href":"https:\/\/jlggb.net\/blog2\/index.php?rest_route=\/wp\/v2\/users\/2"}],"replies":[{"embeddable":true,"href":"https:\/\/jlggb.net\/blog2\/index.php?rest_route=%2Fwp%2Fv2%2Fcomments&post=977"}],"version-history":[{"count":0,"href":"https:\/\/jlggb.net\/blog2\/index.php?rest_route=\/wp\/v2\/posts\/977\/revisions"}],"wp:attachment":[{"href":"https:\/\/jlggb.net\/blog2\/index.php?rest_route=%2Fwp%2Fv2%2Fmedia&parent=977"}],"wp:term":[{"taxonomy":"category","embeddable":true,"href":"https:\/\/jlggb.net\/blog2\/index.php?rest_route=%2Fwp%2Fv2%2Fcategories&post=977"},{"taxonomy":"post_tag","embeddable":true,"href":"https:\/\/jlggb.net\/blog2\/index.php?rest_route=%2Fwp%2Fv2%2Ftags&post=977"}],"curies":[{"name":"wp","href":"https:\/\/api.w.org\/{rel}","templated":true}]}}