{"id":92,"date":"2009-12-06T19:00:12","date_gmt":"2009-12-06T19:00:12","guid":{"rendered":"http:\/\/jlggb.net\/blog2\/?p=92"},"modified":"2009-12-07T00:04:17","modified_gmt":"2009-12-07T00:04:17","slug":"le-bebe-au-dessus-du-darty","status":"publish","type":"post","link":"https:\/\/jlggb.net\/blog2\/?p=92","title":{"rendered":"Le b\u00e9b\u00e9 au dessus du Darty"},"content":{"rendered":"<p><a href=\"https:\/\/jlggb.net\/blog2\/wp-content\/uploads\/2009\/12\/le-darty.jpg\" data-rel=\"lightbox-image-0\" data-imagelightbox=\"0\" data-rl_title=\"\" data-rl_caption=\"\"><img loading=\"lazy\" decoding=\"async\" class=\"alignnone size-full wp-image-93\" title=\"\" src=\"https:\/\/jlggb.net\/blog2\/wp-content\/uploads\/2009\/12\/le-darty.jpg\" alt=\"le-darty\" width=\"640\" height=\"480\" srcset=\"https:\/\/jlggb.net\/blog2\/wp-content\/uploads\/2009\/12\/le-darty.jpg 1280w, https:\/\/jlggb.net\/blog2\/wp-content\/uploads\/2009\/12\/le-darty-300x225.jpg 300w, https:\/\/jlggb.net\/blog2\/wp-content\/uploads\/2009\/12\/le-darty-1024x768.jpg 1024w\" sizes=\"auto, (max-width: 640px) 100vw, 640px\" \/><\/a><br \/>\n<a href=\"https:\/\/jlggb.net\/blog2\/wp-content\/uploads\/2009\/12\/claude.jpg\" data-rel=\"lightbox-image-1\" data-imagelightbox=\"1\" data-rl_title=\"\" data-rl_caption=\"\"><img loading=\"lazy\" decoding=\"async\" class=\"alignnone size-full wp-image-95\" title=\"\" src=\"https:\/\/jlggb.net\/blog2\/wp-content\/uploads\/2009\/12\/claude.jpg\" alt=\"claude\" width=\"640\" height=\"480\" srcset=\"https:\/\/jlggb.net\/blog2\/wp-content\/uploads\/2009\/12\/claude.jpg 1280w, https:\/\/jlggb.net\/blog2\/wp-content\/uploads\/2009\/12\/claude-300x225.jpg 300w, https:\/\/jlggb.net\/blog2\/wp-content\/uploads\/2009\/12\/claude-1024x768.jpg 1024w\" sizes=\"auto, (max-width: 640px) 100vw, 640px\" \/><\/a>Ch\u00e2tillon, dimanche 6 d\u00e9cembre 2009 vers 18h. Claude B. a aujourd&rsquo;hui 12 jours. (La fen\u00eatre la plus \u00e9clair\u00e9e du haut de la tour.)<\/p>\n","protected":false},"excerpt":{"rendered":"<p>Ch\u00e2tillon, dimanche 6 d\u00e9cembre 2009 vers 18h. Claude B. a aujourd&rsquo;hui 12 jours. (La fen\u00eatre la plus \u00e9clair\u00e9e du haut de la tour.)<\/p>\n","protected":false},"author":2,"featured_media":0,"comment_status":"closed","ping_status":"closed","sticky":false,"template":"","format":"standard","meta":{"footnotes":""},"categories":[5,30],"tags":[27,28,29],"class_list":["post-92","post","type-post","status-publish","format-standard","hentry","category-evenement","category-personne","tag-bebe","tag-immeuble","tag-parents"],"_links":{"self":[{"href":"https:\/\/jlggb.net\/blog2\/index.php?rest_route=\/wp\/v2\/posts\/92","targetHints":{"allow":["GET"]}}],"collection":[{"href":"https:\/\/jlggb.net\/blog2\/index.php?rest_route=\/wp\/v2\/posts"}],"about":[{"href":"https:\/\/jlggb.net\/blog2\/index.php?rest_route=\/wp\/v2\/types\/post"}],"author":[{"embeddable":true,"href":"https:\/\/jlggb.net\/blog2\/index.php?rest_route=\/wp\/v2\/users\/2"}],"replies":[{"embeddable":true,"href":"https:\/\/jlggb.net\/blog2\/index.php?rest_route=%2Fwp%2Fv2%2Fcomments&post=92"}],"version-history":[{"count":0,"href":"https:\/\/jlggb.net\/blog2\/index.php?rest_route=\/wp\/v2\/posts\/92\/revisions"}],"wp:attachment":[{"href":"https:\/\/jlggb.net\/blog2\/index.php?rest_route=%2Fwp%2Fv2%2Fmedia&parent=92"}],"wp:term":[{"taxonomy":"category","embeddable":true,"href":"https:\/\/jlggb.net\/blog2\/index.php?rest_route=%2Fwp%2Fv2%2Fcategories&post=92"},{"taxonomy":"post_tag","embeddable":true,"href":"https:\/\/jlggb.net\/blog2\/index.php?rest_route=%2Fwp%2Fv2%2Ftags&post=92"}],"curies":[{"name":"wp","href":"https:\/\/api.w.org\/{rel}","templated":true}]}}