{"id":7762,"date":"2011-11-25T16:00:56","date_gmt":"2011-11-25T15:00:56","guid":{"rendered":"http:\/\/jlggb.net\/blog2\/?p=7762"},"modified":"2024-06-21T11:48:20","modified_gmt":"2024-06-21T10:48:20","slug":"apartamento","status":"publish","type":"post","link":"https:\/\/jlggb.net\/blog2\/?p=7762","title":{"rendered":"Apartamento"},"content":{"rendered":"<p><a href=\"https:\/\/jlggb.net\/blog2\/wp-content\/uploads\/2011\/11\/apartamento-crassula.jpg\" data-rel=\"lightbox-image-0\" data-imagelightbox=\"0\" data-rl_title=\"\" data-rl_caption=\"\"><img loading=\"lazy\" decoding=\"async\" class=\"alignnone size-full wp-image-7764\" title=\"\" src=\"https:\/\/jlggb.net\/blog2\/wp-content\/uploads\/2011\/11\/apartamento-crassula.jpg\" alt=\"\" width=\"640\" height=\"480\" \/><\/a><br \/>\n<a href=\"https:\/\/jlggb.net\/blog2\/wp-content\/uploads\/2011\/11\/apartamento-nathalie.jpg\" data-rel=\"lightbox-image-1\" data-imagelightbox=\"1\" data-rl_title=\"\" data-rl_caption=\"\"><img loading=\"lazy\" decoding=\"async\" class=\"alignnone size-full wp-image-7779\" title=\"\" src=\"https:\/\/jlggb.net\/blog2\/wp-content\/uploads\/2011\/11\/apartamento-nathalie.jpg\" alt=\"\" width=\"640\" height=\"480\" srcset=\"https:\/\/jlggb.net\/blog2\/wp-content\/uploads\/2011\/11\/apartamento-nathalie.jpg 1280w, https:\/\/jlggb.net\/blog2\/wp-content\/uploads\/2011\/11\/apartamento-nathalie-300x225.jpg 300w, https:\/\/jlggb.net\/blog2\/wp-content\/uploads\/2011\/11\/apartamento-nathalie-1024x768.jpg 1024w, https:\/\/jlggb.net\/blog2\/wp-content\/uploads\/2011\/11\/apartamento-nathalie-150x112.jpg 150w\" sizes=\"auto, (max-width: 640px) 100vw, 640px\" \/><\/a><br \/>\n<em>Apartamento<\/em>, num\u00e9ro 8. Voir&nbsp;: <a href=\"http:\/\/www.apartamentomagazine.com\" target=\"_blank\" rel=\"noopener\">http:\/\/www.apartamentomagazine.com<\/a>.<br \/>\n<span style=\"color: #ffffff;\">&#8211;<\/span><br \/>\nVendredi 25 novembre 2011, 16h, galerie Yvon Lambert, rue Vieille-du-Temple, Paris 3e. La revue semestrielle \u00e9dit\u00e9e en Espagne (mais en anglais) <em>Apartamento<\/em> est plut\u00f4t \u00e0 contre-courant des revues de d\u00e9coration, des design ou d&rsquo;architecture. On l&rsquo;aime bien. Extraite du num\u00e9ro 7, cette citation a valeur de manifeste&nbsp;:<br \/>\n<em>For too many people, being happy at home is pretty much an abstract idea, something they can\u2019t know or imagine, until it appears on some taste maker\u2019s must-have list, or in a magazine, or reposted on Tumblr. A home sweet home is not curated or produced by acquiring a perfect arrangement of chairs, lamps and friends. A real living space is made from living, not decorating. A bored materialist can\u2019t understand that a house has to become a home. It happens, not through perfection but by participation. Andy &amp; Elsa Beach, <em>\u2028Apartamento<\/em> issue #07<\/em><br \/>\nEn r\u00e9alit\u00e9, l&rsquo;appel \u00e0 la participation est souvent douteux, et puis l&rsquo;on n&rsquo;\u00e9chappe pas \u00e0 l&rsquo;effet de prescription et de mode. Ici, cependant, deux indices sympathiques&nbsp;: 1\u00b0 la petite exposition de dessins de Nathalie du Pasquier (pr\u00e9sente dans le num\u00e9ro 8, automne-hiver 2011-2012), dont on a aim\u00e9 les motifs pour tissus \u00e0 l&rsquo;\u00e9poque o\u00f9 elle \u00e9tait du groupe Memphis, au d\u00e9but des ann\u00e9es 80. Elle est toujours \u00e0 Milan mais elle est pass\u00e9e du c\u00f4t\u00e9 de la peinture (<a href=\"http:\/\/www.nathaliedupasquier.com\/home2.html\" target=\"_blank\" rel=\"noopener\">http:\/\/www.nathaliedupasquier.com\/home2.html<\/a>); 2\u00b0 la crassula dans la vitrine (en ville, elles sont toujours dans des vitrines), comme partie prenante du d\u00e9cor <em>Apartamento<\/em>, et comme embl\u00e8me d&rsquo;une culture transcontinentale, \u00e0 la fois plut\u00f4t populaire et un peu snob (ce sont des synonymes).<\/p>\n","protected":false},"excerpt":{"rendered":"<p>Apartamento, num\u00e9ro 8. Voir&nbsp;: http:\/\/www.apartamentomagazine.com. &#8211; Vendredi 25 novembre 2011, 16h, galerie Yvon Lambert, rue Vieille-du-Temple, Paris 3e. La revue semestrielle \u00e9dit\u00e9e en Espagne (mais en anglais) Apartamento est plut\u00f4t \u00e0 contre-courant des revues de d\u00e9coration, des design ou d&rsquo;architecture. On l&rsquo;aime bien. Extraite du num\u00e9ro 7, cette citation a valeur de manifeste&nbsp;: For too &hellip; <a href=\"https:\/\/jlggb.net\/blog2\/?p=7762\" class=\"more-link\">Continuer la lecture de <span class=\"screen-reader-text\">Apartamento<\/span><\/a><\/p>\n","protected":false},"author":2,"featured_media":0,"comment_status":"closed","ping_status":"closed","sticky":false,"template":"","format":"standard","meta":{"footnotes":""},"categories":[51,95,219],"tags":[894,631,555],"class_list":["post-7762","post","type-post","status-publish","format-standard","hentry","category-decor","category-exposition","category-plante","tag-nathalie-du-pasquier","tag-revue","tag-yvon-lambert"],"_links":{"self":[{"href":"https:\/\/jlggb.net\/blog2\/index.php?rest_route=\/wp\/v2\/posts\/7762","targetHints":{"allow":["GET"]}}],"collection":[{"href":"https:\/\/jlggb.net\/blog2\/index.php?rest_route=\/wp\/v2\/posts"}],"about":[{"href":"https:\/\/jlggb.net\/blog2\/index.php?rest_route=\/wp\/v2\/types\/post"}],"author":[{"embeddable":true,"href":"https:\/\/jlggb.net\/blog2\/index.php?rest_route=\/wp\/v2\/users\/2"}],"replies":[{"embeddable":true,"href":"https:\/\/jlggb.net\/blog2\/index.php?rest_route=%2Fwp%2Fv2%2Fcomments&post=7762"}],"version-history":[{"count":3,"href":"https:\/\/jlggb.net\/blog2\/index.php?rest_route=\/wp\/v2\/posts\/7762\/revisions"}],"predecessor-version":[{"id":8375,"href":"https:\/\/jlggb.net\/blog2\/index.php?rest_route=\/wp\/v2\/posts\/7762\/revisions\/8375"}],"wp:attachment":[{"href":"https:\/\/jlggb.net\/blog2\/index.php?rest_route=%2Fwp%2Fv2%2Fmedia&parent=7762"}],"wp:term":[{"taxonomy":"category","embeddable":true,"href":"https:\/\/jlggb.net\/blog2\/index.php?rest_route=%2Fwp%2Fv2%2Fcategories&post=7762"},{"taxonomy":"post_tag","embeddable":true,"href":"https:\/\/jlggb.net\/blog2\/index.php?rest_route=%2Fwp%2Fv2%2Ftags&post=7762"}],"curies":[{"name":"wp","href":"https:\/\/api.w.org\/{rel}","templated":true}]}}