{"id":7734,"date":"2011-11-23T23:59:15","date_gmt":"2011-11-23T22:59:15","guid":{"rendered":"http:\/\/jlggb.net\/blog2\/?p=7734"},"modified":"2014-12-03T01:56:48","modified_gmt":"2014-12-03T00:56:48","slug":"scoop","status":"publish","type":"post","link":"https:\/\/jlggb.net\/blog2\/?p=7734","title":{"rendered":"Scoop"},"content":{"rendered":"<p>Re\u00e7u ce mercredi soir, 23 novembre 2011&nbsp;: ce d\u00e9tail de la page 35 du num\u00e9ro 2 de <em>La Couleur des jours<\/em>, \u00e0 para\u00eetre le jeudi 1er d\u00e9cembre 2011, <a href=\"http:\/\/www.lacouleurdesjours.ch\/\" target=\"_blank\">http:\/\/www.lacouleurdesjours.ch\/<\/a>.<\/p>\n<p><a href=\"https:\/\/jlggb.net\/blog2\/wp-content\/uploads\/2011\/11\/cdj_02_jlggb.jpg\" data-rel=\"lightbox-image-0\" data-imagelightbox=\"0\" data-rl_title=\"\" data-rl_caption=\"\"><img loading=\"lazy\" decoding=\"async\" class=\"alignnone size-full wp-image-7735\" title=\"\" src=\"https:\/\/jlggb.net\/blog2\/wp-content\/uploads\/2011\/11\/cdj_02_jlggb.jpg\" alt=\"\" width=\"640\" height=\"1060\" srcset=\"https:\/\/jlggb.net\/blog2\/wp-content\/uploads\/2011\/11\/cdj_02_jlggb.jpg 1280w, https:\/\/jlggb.net\/blog2\/wp-content\/uploads\/2011\/11\/cdj_02_jlggb-181x300.jpg 181w, https:\/\/jlggb.net\/blog2\/wp-content\/uploads\/2011\/11\/cdj_02_jlggb-619x1024.jpg 619w, https:\/\/jlggb.net\/blog2\/wp-content\/uploads\/2011\/11\/cdj_02_jlggb-90x150.jpg 90w\" sizes=\"auto, (max-width: 640px) 100vw, 640px\" \/><\/a><\/p>\n","protected":false},"excerpt":{"rendered":"<p>Re\u00e7u ce mercredi soir, 23 novembre 2011&nbsp;: ce d\u00e9tail de la page 35 du num\u00e9ro 2 de La Couleur des jours, \u00e0 para\u00eetre le jeudi 1er d\u00e9cembre 2011, http:\/\/www.lacouleurdesjours.ch\/.<\/p>\n","protected":false},"author":2,"featured_media":0,"comment_status":"closed","ping_status":"closed","sticky":false,"template":"","format":"standard","meta":{"footnotes":""},"categories":[11],"tags":[746,890],"class_list":["post-7734","post","type-post","status-publish","format-standard","hentry","category-livre","tag-journal","tag-la-couleur-des-jours"],"_links":{"self":[{"href":"https:\/\/jlggb.net\/blog2\/index.php?rest_route=\/wp\/v2\/posts\/7734","targetHints":{"allow":["GET"]}}],"collection":[{"href":"https:\/\/jlggb.net\/blog2\/index.php?rest_route=\/wp\/v2\/posts"}],"about":[{"href":"https:\/\/jlggb.net\/blog2\/index.php?rest_route=\/wp\/v2\/types\/post"}],"author":[{"embeddable":true,"href":"https:\/\/jlggb.net\/blog2\/index.php?rest_route=\/wp\/v2\/users\/2"}],"replies":[{"embeddable":true,"href":"https:\/\/jlggb.net\/blog2\/index.php?rest_route=%2Fwp%2Fv2%2Fcomments&post=7734"}],"version-history":[{"count":1,"href":"https:\/\/jlggb.net\/blog2\/index.php?rest_route=\/wp\/v2\/posts\/7734\/revisions"}],"predecessor-version":[{"id":8066,"href":"https:\/\/jlggb.net\/blog2\/index.php?rest_route=\/wp\/v2\/posts\/7734\/revisions\/8066"}],"wp:attachment":[{"href":"https:\/\/jlggb.net\/blog2\/index.php?rest_route=%2Fwp%2Fv2%2Fmedia&parent=7734"}],"wp:term":[{"taxonomy":"category","embeddable":true,"href":"https:\/\/jlggb.net\/blog2\/index.php?rest_route=%2Fwp%2Fv2%2Fcategories&post=7734"},{"taxonomy":"post_tag","embeddable":true,"href":"https:\/\/jlggb.net\/blog2\/index.php?rest_route=%2Fwp%2Fv2%2Ftags&post=7734"}],"curies":[{"name":"wp","href":"https:\/\/api.w.org\/{rel}","templated":true}]}}