{"id":7668,"date":"2011-11-16T14:30:25","date_gmt":"2011-11-16T12:30:25","guid":{"rendered":"http:\/\/jlggb.net\/blog2\/?p=7668"},"modified":"2024-08-23T20:15:08","modified_gmt":"2024-08-23T19:15:08","slug":"au-2bis-rue-ferou","status":"publish","type":"post","link":"https:\/\/jlggb.net\/blog2\/?p=7668","title":{"rendered":"Au 2bis rue F\u00e9rou"},"content":{"rendered":"<p><a href=\"https:\/\/jlggb.net\/blog2\/wp-content\/uploads\/2011\/11\/ferou-2011.jpg\" data-rel=\"lightbox-image-0\" data-imagelightbox=\"0\" data-rl_title=\"\" data-rl_caption=\"\"><img loading=\"lazy\" decoding=\"async\" class=\"alignnone size-full wp-image-7669\" title=\"\" alt=\"\" src=\"https:\/\/jlggb.net\/blog2\/wp-content\/uploads\/2011\/11\/ferou-2011.jpg\" width=\"640\" height=\"480\" srcset=\"https:\/\/jlggb.net\/blog2\/wp-content\/uploads\/2011\/11\/ferou-2011.jpg 1280w, https:\/\/jlggb.net\/blog2\/wp-content\/uploads\/2011\/11\/ferou-2011-300x225.jpg 300w, https:\/\/jlggb.net\/blog2\/wp-content\/uploads\/2011\/11\/ferou-2011-1024x768.jpg 1024w, https:\/\/jlggb.net\/blog2\/wp-content\/uploads\/2011\/11\/ferou-2011-150x112.jpg 150w\" sizes=\"auto, (max-width: 640px) 100vw, 640px\" \/><\/a><br \/>\nMercredi 16 novembre 2011, 14h30, Paris 6e. Sur ma route d&rsquo;aujourd&rsquo;hui vers l&rsquo;\u00e9cole, je passe (une fois encore) devant ce num\u00e9ro 2bis. Et je me demande si j&rsquo;ai r\u00eav\u00e9. C&rsquo;\u00e9tait probablement en 1966 ou 1967. J&rsquo;\u00e9tais conduit par mon ami Michel S., qui lui m\u00eame accompagnait Andr\u00e9 A., un po\u00e8te membre du Groupe de recherches musicales de la radio (RTF), proche des surr\u00e9alistes. Peut-\u00eatre y avait-il aussi Michael G., qui habitait rue Br\u00e9a (de l&rsquo;autre c\u00f4t\u00e9 du Luxembourg). Je re(vois) l&rsquo;espace profond de l&rsquo;atelier, son encombrement, et une silhouette qui \u00e9tait Man Ray. Mais je ne me souviens pas d&rsquo;une quelconque conversation.<br \/>\nVoir&nbsp;: <a href=\"http:\/\/invisuphoto.com\/11,1172.html\" target=\"_blank\" rel=\"noopener\">http:\/\/invisuphoto.com\/11,1172.html<\/a><\/p>\n<p><a href=\"https:\/\/jlggb.net\/blog2\/wp-content\/uploads\/2011\/11\/Man_Ray_by_Wolleh_DR.jpg\" data-rel=\"lightbox-image-1\" data-imagelightbox=\"1\" data-rl_title=\"\" data-rl_caption=\"\" title=\"\"><img loading=\"lazy\" decoding=\"async\" class=\"alignnone size-full wp-image-8025\" alt=\"_044 MAN RAY\" src=\"https:\/\/jlggb.net\/blog2\/wp-content\/uploads\/2011\/11\/Man_Ray_by_Wolleh_DR.jpg\" width=\"385\" height=\"375\" srcset=\"https:\/\/jlggb.net\/blog2\/wp-content\/uploads\/2011\/11\/Man_Ray_by_Wolleh_DR.jpg 770w, https:\/\/jlggb.net\/blog2\/wp-content\/uploads\/2011\/11\/Man_Ray_by_Wolleh_DR-300x292.jpg 300w, https:\/\/jlggb.net\/blog2\/wp-content\/uploads\/2011\/11\/Man_Ray_by_Wolleh_DR-150x146.jpg 150w\" sizes=\"auto, (max-width: 385px) 100vw, 385px\" \/><\/a><br \/>\nMan Ray par Lothar Wolleh, 1975 (photo DR)<\/p>\n","protected":false},"excerpt":{"rendered":"<p>Mercredi 16 novembre 2011, 14h30, Paris 6e. Sur ma route d&rsquo;aujourd&rsquo;hui vers l&rsquo;\u00e9cole, je passe (une fois encore) devant ce num\u00e9ro 2bis. Et je me demande si j&rsquo;ai r\u00eav\u00e9. C&rsquo;\u00e9tait probablement en 1966 ou 1967. J&rsquo;\u00e9tais conduit par mon ami Michel S., qui lui m\u00eame accompagnait Andr\u00e9 A., un po\u00e8te membre du Groupe de recherches &hellip; <a href=\"https:\/\/jlggb.net\/blog2\/?p=7668\" class=\"more-link\">Continuer la lecture de <span class=\"screen-reader-text\">Au 2bis rue F\u00e9rou<\/span><\/a><\/p>\n","protected":false},"author":2,"featured_media":0,"comment_status":"closed","ping_status":"closed","sticky":false,"template":"","format":"standard","meta":{"footnotes":""},"categories":[74,112],"tags":[887,230],"class_list":["post-7668","post","type-post","status-publish","format-standard","hentry","category-monument","category-photographie","tag-man-ray","tag-paris"],"_links":{"self":[{"href":"https:\/\/jlggb.net\/blog2\/index.php?rest_route=\/wp\/v2\/posts\/7668","targetHints":{"allow":["GET"]}}],"collection":[{"href":"https:\/\/jlggb.net\/blog2\/index.php?rest_route=\/wp\/v2\/posts"}],"about":[{"href":"https:\/\/jlggb.net\/blog2\/index.php?rest_route=\/wp\/v2\/types\/post"}],"author":[{"embeddable":true,"href":"https:\/\/jlggb.net\/blog2\/index.php?rest_route=\/wp\/v2\/users\/2"}],"replies":[{"embeddable":true,"href":"https:\/\/jlggb.net\/blog2\/index.php?rest_route=%2Fwp%2Fv2%2Fcomments&post=7668"}],"version-history":[{"count":4,"href":"https:\/\/jlggb.net\/blog2\/index.php?rest_route=\/wp\/v2\/posts\/7668\/revisions"}],"predecessor-version":[{"id":8388,"href":"https:\/\/jlggb.net\/blog2\/index.php?rest_route=\/wp\/v2\/posts\/7668\/revisions\/8388"}],"wp:attachment":[{"href":"https:\/\/jlggb.net\/blog2\/index.php?rest_route=%2Fwp%2Fv2%2Fmedia&parent=7668"}],"wp:term":[{"taxonomy":"category","embeddable":true,"href":"https:\/\/jlggb.net\/blog2\/index.php?rest_route=%2Fwp%2Fv2%2Fcategories&post=7668"},{"taxonomy":"post_tag","embeddable":true,"href":"https:\/\/jlggb.net\/blog2\/index.php?rest_route=%2Fwp%2Fv2%2Ftags&post=7668"}],"curies":[{"name":"wp","href":"https:\/\/api.w.org\/{rel}","templated":true}]}}