{"id":7494,"date":"2011-11-10T15:00:53","date_gmt":"2011-11-10T13:00:53","guid":{"rendered":"http:\/\/jlggb.net\/blog2\/?p=7494"},"modified":"2011-11-10T22:21:53","modified_gmt":"2011-11-10T20:21:53","slug":"escalier-sarde","status":"publish","type":"post","link":"https:\/\/jlggb.net\/blog2\/?p=7494","title":{"rendered":"Escalier sarde"},"content":{"rendered":"<p><a href=\"https:\/\/jlggb.net\/blog2\/wp-content\/uploads\/2011\/11\/montmelian-escalier-2.jpg\" data-rel=\"lightbox-image-0\" data-imagelightbox=\"0\" data-rl_title=\"\" data-rl_caption=\"\"><img loading=\"lazy\" decoding=\"async\" src=\"https:\/\/jlggb.net\/blog2\/wp-content\/uploads\/2011\/11\/montmelian-escalier-2.jpg\" alt=\"\" title=\"\" width=\"640\" height=\"480\" class=\"alignnone size-full wp-image-7495\" srcset=\"https:\/\/jlggb.net\/blog2\/wp-content\/uploads\/2011\/11\/montmelian-escalier-2.jpg 1280w, https:\/\/jlggb.net\/blog2\/wp-content\/uploads\/2011\/11\/montmelian-escalier-2-300x225.jpg 300w, https:\/\/jlggb.net\/blog2\/wp-content\/uploads\/2011\/11\/montmelian-escalier-2-1024x768.jpg 1024w, https:\/\/jlggb.net\/blog2\/wp-content\/uploads\/2011\/11\/montmelian-escalier-2-150x112.jpg 150w\" sizes=\"auto, (max-width: 640px) 100vw, 640px\" \/><\/a><br \/>\n<a href=\"https:\/\/jlggb.net\/blog2\/wp-content\/uploads\/2011\/11\/montmelian-escalier-1.jpg\" data-rel=\"lightbox-image-1\" data-imagelightbox=\"1\" data-rl_title=\"\" data-rl_caption=\"\"><img loading=\"lazy\" decoding=\"async\" src=\"https:\/\/jlggb.net\/blog2\/wp-content\/uploads\/2011\/11\/montmelian-escalier-1.jpg\" alt=\"\" title=\"\" width=\"640\" height=\"480\" class=\"alignnone size-full wp-image-7496\" srcset=\"https:\/\/jlggb.net\/blog2\/wp-content\/uploads\/2011\/11\/montmelian-escalier-1.jpg 1280w, https:\/\/jlggb.net\/blog2\/wp-content\/uploads\/2011\/11\/montmelian-escalier-1-300x225.jpg 300w, https:\/\/jlggb.net\/blog2\/wp-content\/uploads\/2011\/11\/montmelian-escalier-1-1024x768.jpg 1024w, https:\/\/jlggb.net\/blog2\/wp-content\/uploads\/2011\/11\/montmelian-escalier-1-150x112.jpg 150w\" sizes=\"auto, (max-width: 640px) 100vw, 640px\" \/><\/a><br \/>\nJeudi 10 novembre 2011, Montm\u00e9lian, Savoie, 14h46-14h48. Question&nbsp;: dit-on qu&rsquo;une architecture est sarde parce qu&rsquo;elle a le style \u00ab\u00a0sarde\u00a0\u00bb, parce qu&rsquo;elle a \u00e9t\u00e9 construite par des Sardes, ou bien parce qu&rsquo;elle date de l&rsquo;\u00e9poque du royaume de Pi\u00e9mont-Sardaigne&nbsp;?<\/p>\n","protected":false},"excerpt":{"rendered":"<p>Jeudi 10 novembre 2011, Montm\u00e9lian, Savoie, 14h46-14h48. Question&nbsp;: dit-on qu&rsquo;une architecture est sarde parce qu&rsquo;elle a le style \u00ab\u00a0sarde\u00a0\u00bb, parce qu&rsquo;elle a \u00e9t\u00e9 construite par des Sardes, ou bien parce qu&rsquo;elle date de l&rsquo;\u00e9poque du royaume de Pi\u00e9mont-Sardaigne&nbsp;?<\/p>\n","protected":false},"author":2,"featured_media":0,"comment_status":"closed","ping_status":"closed","sticky":false,"template":"","format":"standard","meta":{"footnotes":""},"categories":[144,57],"tags":[880,155],"class_list":["post-7494","post","type-post","status-publish","format-standard","hentry","category-escalier","category-histoire","tag-montmelian","tag-savoie"],"_links":{"self":[{"href":"https:\/\/jlggb.net\/blog2\/index.php?rest_route=\/wp\/v2\/posts\/7494","targetHints":{"allow":["GET"]}}],"collection":[{"href":"https:\/\/jlggb.net\/blog2\/index.php?rest_route=\/wp\/v2\/posts"}],"about":[{"href":"https:\/\/jlggb.net\/blog2\/index.php?rest_route=\/wp\/v2\/types\/post"}],"author":[{"embeddable":true,"href":"https:\/\/jlggb.net\/blog2\/index.php?rest_route=\/wp\/v2\/users\/2"}],"replies":[{"embeddable":true,"href":"https:\/\/jlggb.net\/blog2\/index.php?rest_route=%2Fwp%2Fv2%2Fcomments&post=7494"}],"version-history":[{"count":0,"href":"https:\/\/jlggb.net\/blog2\/index.php?rest_route=\/wp\/v2\/posts\/7494\/revisions"}],"wp:attachment":[{"href":"https:\/\/jlggb.net\/blog2\/index.php?rest_route=%2Fwp%2Fv2%2Fmedia&parent=7494"}],"wp:term":[{"taxonomy":"category","embeddable":true,"href":"https:\/\/jlggb.net\/blog2\/index.php?rest_route=%2Fwp%2Fv2%2Fcategories&post=7494"},{"taxonomy":"post_tag","embeddable":true,"href":"https:\/\/jlggb.net\/blog2\/index.php?rest_route=%2Fwp%2Fv2%2Ftags&post=7494"}],"curies":[{"name":"wp","href":"https:\/\/api.w.org\/{rel}","templated":true}]}}