{"id":7291,"date":"2011-10-21T08:33:51","date_gmt":"2011-10-21T06:33:51","guid":{"rendered":"http:\/\/jlggb.net\/blog2\/?p=7291"},"modified":"2011-10-23T23:35:51","modified_gmt":"2011-10-23T21:35:51","slug":"malmo-centre-ville-8h33","status":"publish","type":"post","link":"https:\/\/jlggb.net\/blog2\/?p=7291","title":{"rendered":"Malm\u00f6 centre ville, 8h33"},"content":{"rendered":"<p><a href=\"https:\/\/jlggb.net\/blog2\/wp-content\/uploads\/2011\/10\/malmo-centre.jpg\" data-rel=\"lightbox-image-0\" data-imagelightbox=\"0\" data-rl_title=\"\" data-rl_caption=\"\"><img loading=\"lazy\" decoding=\"async\" src=\"https:\/\/jlggb.net\/blog2\/wp-content\/uploads\/2011\/10\/malmo-centre.jpg\" alt=\"\" title=\"\" width=\"640\" height=\"480\" class=\"alignnone size-full wp-image-7293\" srcset=\"https:\/\/jlggb.net\/blog2\/wp-content\/uploads\/2011\/10\/malmo-centre.jpg 1280w, https:\/\/jlggb.net\/blog2\/wp-content\/uploads\/2011\/10\/malmo-centre-300x225.jpg 300w, https:\/\/jlggb.net\/blog2\/wp-content\/uploads\/2011\/10\/malmo-centre-1024x768.jpg 1024w, https:\/\/jlggb.net\/blog2\/wp-content\/uploads\/2011\/10\/malmo-centre-150x112.jpg 150w\" sizes=\"auto, (max-width: 640px) 100vw, 640px\" \/><\/a><br \/>\n<a href=\"https:\/\/jlggb.net\/blog2\/wp-content\/uploads\/2011\/10\/malmo-centre-detail.jpg\" data-rel=\"lightbox-image-1\" data-imagelightbox=\"1\" data-rl_title=\"\" data-rl_caption=\"\"><img loading=\"lazy\" decoding=\"async\" src=\"https:\/\/jlggb.net\/blog2\/wp-content\/uploads\/2011\/10\/malmo-centre-detail.jpg\" alt=\"\" title=\"\" width=\"640\" height=\"480\" class=\"alignnone size-full wp-image-7294\" srcset=\"https:\/\/jlggb.net\/blog2\/wp-content\/uploads\/2011\/10\/malmo-centre-detail.jpg 1280w, https:\/\/jlggb.net\/blog2\/wp-content\/uploads\/2011\/10\/malmo-centre-detail-300x225.jpg 300w, https:\/\/jlggb.net\/blog2\/wp-content\/uploads\/2011\/10\/malmo-centre-detail-1024x768.jpg 1024w, https:\/\/jlggb.net\/blog2\/wp-content\/uploads\/2011\/10\/malmo-centre-detail-150x112.jpg 150w\" sizes=\"auto, (max-width: 640px) 100vw, 640px\" \/><\/a><br \/>\nVendredi 21 octobre 2011, 8h33. Vue depuis le 4e \u00e9tage de l&rsquo;h\u00f4tel Baltzar, dans le centre de Malm\u00f6.<\/p>\n","protected":false},"excerpt":{"rendered":"<p>Vendredi 21 octobre 2011, 8h33. Vue depuis le 4e \u00e9tage de l&rsquo;h\u00f4tel Baltzar, dans le centre de Malm\u00f6.<\/p>\n","protected":false},"author":2,"featured_media":0,"comment_status":"closed","ping_status":"closed","sticky":false,"template":"","format":"standard","meta":{"footnotes":""},"categories":[17,211],"tags":[865,859],"class_list":["post-7291","post","type-post","status-publish","format-standard","hentry","category-observation","category-vue","tag-bureau","tag-malmo"],"_links":{"self":[{"href":"https:\/\/jlggb.net\/blog2\/index.php?rest_route=\/wp\/v2\/posts\/7291","targetHints":{"allow":["GET"]}}],"collection":[{"href":"https:\/\/jlggb.net\/blog2\/index.php?rest_route=\/wp\/v2\/posts"}],"about":[{"href":"https:\/\/jlggb.net\/blog2\/index.php?rest_route=\/wp\/v2\/types\/post"}],"author":[{"embeddable":true,"href":"https:\/\/jlggb.net\/blog2\/index.php?rest_route=\/wp\/v2\/users\/2"}],"replies":[{"embeddable":true,"href":"https:\/\/jlggb.net\/blog2\/index.php?rest_route=%2Fwp%2Fv2%2Fcomments&post=7291"}],"version-history":[{"count":0,"href":"https:\/\/jlggb.net\/blog2\/index.php?rest_route=\/wp\/v2\/posts\/7291\/revisions"}],"wp:attachment":[{"href":"https:\/\/jlggb.net\/blog2\/index.php?rest_route=%2Fwp%2Fv2%2Fmedia&parent=7291"}],"wp:term":[{"taxonomy":"category","embeddable":true,"href":"https:\/\/jlggb.net\/blog2\/index.php?rest_route=%2Fwp%2Fv2%2Fcategories&post=7291"},{"taxonomy":"post_tag","embeddable":true,"href":"https:\/\/jlggb.net\/blog2\/index.php?rest_route=%2Fwp%2Fv2%2Ftags&post=7291"}],"curies":[{"name":"wp","href":"https:\/\/api.w.org\/{rel}","templated":true}]}}