{"id":7221,"date":"2011-10-20T15:00:31","date_gmt":"2011-10-20T13:00:31","guid":{"rendered":"http:\/\/jlggb.net\/blog2\/?p=7221"},"modified":"2011-10-23T02:24:18","modified_gmt":"2011-10-23T00:24:18","slug":"un-pont-a-lhorizon","status":"publish","type":"post","link":"https:\/\/jlggb.net\/blog2\/?p=7221","title":{"rendered":"Un pont \u00e0 l&rsquo;horizon"},"content":{"rendered":"<p><a href=\"https:\/\/jlggb.net\/blog2\/wp-content\/uploads\/2011\/10\/malmo-mer.jpg\" data-rel=\"lightbox-image-0\" data-imagelightbox=\"0\" data-rl_title=\"\" data-rl_caption=\"\"><img loading=\"lazy\" decoding=\"async\" class=\"alignnone size-full wp-image-7223\" title=\"\" src=\"https:\/\/jlggb.net\/blog2\/wp-content\/uploads\/2011\/10\/malmo-mer.jpg\" alt=\"\" width=\"640\" height=\"480\" \/><\/a><br \/>\n<a href=\"https:\/\/jlggb.net\/blog2\/wp-content\/uploads\/2011\/10\/tania-malmo.jpg\" data-rel=\"lightbox-image-1\" data-imagelightbox=\"1\" data-rl_title=\"\" data-rl_caption=\"\"><img loading=\"lazy\" decoding=\"async\" class=\"alignnone size-full wp-image-7222\" title=\"\" src=\"https:\/\/jlggb.net\/blog2\/wp-content\/uploads\/2011\/10\/tania-malmo.jpg\" alt=\"\" width=\"640\" height=\"480\" \/><\/a><br \/>\nJeudi 20 octobre 2011, 15h, Malm\u00f6, Su\u00e8de, le pont de l&rsquo;\u00d6resund entre Malm\u00f6 et Copenhague, depuis le nouveau quartier V\u00e4stra Hamnen. Tania R., qui a con\u00e7u la fresque vid\u00e9o de la gare centrale de Malm\u00f6.<\/p>\n","protected":false},"excerpt":{"rendered":"<p>Jeudi 20 octobre 2011, 15h, Malm\u00f6, Su\u00e8de, le pont de l&rsquo;\u00d6resund entre Malm\u00f6 et Copenhague, depuis le nouveau quartier V\u00e4stra Hamnen. Tania R., qui a con\u00e7u la fresque vid\u00e9o de la gare centrale de Malm\u00f6.<\/p>\n","protected":false},"author":2,"featured_media":0,"comment_status":"closed","ping_status":"closed","sticky":false,"template":"","format":"standard","meta":{"footnotes":""},"categories":[45,30,211],"tags":[859,860],"class_list":["post-7221","post","type-post","status-publish","format-standard","hentry","category-architecture","category-personne","category-vue","tag-malmo","tag-oresund"],"_links":{"self":[{"href":"https:\/\/jlggb.net\/blog2\/index.php?rest_route=\/wp\/v2\/posts\/7221","targetHints":{"allow":["GET"]}}],"collection":[{"href":"https:\/\/jlggb.net\/blog2\/index.php?rest_route=\/wp\/v2\/posts"}],"about":[{"href":"https:\/\/jlggb.net\/blog2\/index.php?rest_route=\/wp\/v2\/types\/post"}],"author":[{"embeddable":true,"href":"https:\/\/jlggb.net\/blog2\/index.php?rest_route=\/wp\/v2\/users\/2"}],"replies":[{"embeddable":true,"href":"https:\/\/jlggb.net\/blog2\/index.php?rest_route=%2Fwp%2Fv2%2Fcomments&post=7221"}],"version-history":[{"count":0,"href":"https:\/\/jlggb.net\/blog2\/index.php?rest_route=\/wp\/v2\/posts\/7221\/revisions"}],"wp:attachment":[{"href":"https:\/\/jlggb.net\/blog2\/index.php?rest_route=%2Fwp%2Fv2%2Fmedia&parent=7221"}],"wp:term":[{"taxonomy":"category","embeddable":true,"href":"https:\/\/jlggb.net\/blog2\/index.php?rest_route=%2Fwp%2Fv2%2Fcategories&post=7221"},{"taxonomy":"post_tag","embeddable":true,"href":"https:\/\/jlggb.net\/blog2\/index.php?rest_route=%2Fwp%2Fv2%2Ftags&post=7221"}],"curies":[{"name":"wp","href":"https:\/\/api.w.org\/{rel}","templated":true}]}}