{"id":7127,"date":"2011-09-22T19:00:52","date_gmt":"2011-09-22T17:00:52","guid":{"rendered":"http:\/\/jlggb.net\/blog2\/?p=7127"},"modified":"2011-09-23T00:01:18","modified_gmt":"2011-09-22T22:01:18","slug":"dernier-jour-de-lete","status":"publish","type":"post","link":"https:\/\/jlggb.net\/blog2\/?p=7127","title":{"rendered":"Dernier jour de l&rsquo;\u00e9t\u00e9"},"content":{"rendered":"<p><a href=\"https:\/\/jlggb.net\/blog2\/wp-content\/uploads\/2011\/09\/jardin-septembre-2011.jpg\" data-rel=\"lightbox-image-0\" data-imagelightbox=\"0\" data-rl_title=\"\" data-rl_caption=\"\"><img loading=\"lazy\" decoding=\"async\" src=\"https:\/\/jlggb.net\/blog2\/wp-content\/uploads\/2011\/09\/jardin-septembre-2011.jpg\" alt=\"\" title=\"\" width=\"640\" height=\"480\" class=\"alignnone size-full wp-image-7128\" srcset=\"https:\/\/jlggb.net\/blog2\/wp-content\/uploads\/2011\/09\/jardin-septembre-2011.jpg 1280w, https:\/\/jlggb.net\/blog2\/wp-content\/uploads\/2011\/09\/jardin-septembre-2011-300x225.jpg 300w, https:\/\/jlggb.net\/blog2\/wp-content\/uploads\/2011\/09\/jardin-septembre-2011-1024x768.jpg 1024w, https:\/\/jlggb.net\/blog2\/wp-content\/uploads\/2011\/09\/jardin-septembre-2011-150x112.jpg 150w\" sizes=\"auto, (max-width: 640px) 100vw, 640px\" \/><\/a><br \/>\nJeudi 22 septembre 2011, 19h, Paris, Jardin des plantes. On ne les avait pas remarqu\u00e9es, r\u00e9ussite des mixed-borders cet \u00e9t\u00e9&nbsp;: des fleurs et des plantes nombreuses, plus hautes, vari\u00e9es, syst\u00e9matiquement document\u00e9es, joliment agenc\u00e9es.<\/p>\n","protected":false},"excerpt":{"rendered":"<p>Jeudi 22 septembre 2011, 19h, Paris, Jardin des plantes. On ne les avait pas remarqu\u00e9es, r\u00e9ussite des mixed-borders cet \u00e9t\u00e9&nbsp;: des fleurs et des plantes nombreuses, plus hautes, vari\u00e9es, syst\u00e9matiquement document\u00e9es, joliment agenc\u00e9es.<\/p>\n","protected":false},"author":2,"featured_media":0,"comment_status":"closed","ping_status":"closed","sticky":false,"template":"","format":"standard","meta":{"footnotes":""},"categories":[17,219],"tags":[594],"class_list":["post-7127","post","type-post","status-publish","format-standard","hentry","category-observation","category-plante","tag-jardin-des-plantes"],"_links":{"self":[{"href":"https:\/\/jlggb.net\/blog2\/index.php?rest_route=\/wp\/v2\/posts\/7127","targetHints":{"allow":["GET"]}}],"collection":[{"href":"https:\/\/jlggb.net\/blog2\/index.php?rest_route=\/wp\/v2\/posts"}],"about":[{"href":"https:\/\/jlggb.net\/blog2\/index.php?rest_route=\/wp\/v2\/types\/post"}],"author":[{"embeddable":true,"href":"https:\/\/jlggb.net\/blog2\/index.php?rest_route=\/wp\/v2\/users\/2"}],"replies":[{"embeddable":true,"href":"https:\/\/jlggb.net\/blog2\/index.php?rest_route=%2Fwp%2Fv2%2Fcomments&post=7127"}],"version-history":[{"count":0,"href":"https:\/\/jlggb.net\/blog2\/index.php?rest_route=\/wp\/v2\/posts\/7127\/revisions"}],"wp:attachment":[{"href":"https:\/\/jlggb.net\/blog2\/index.php?rest_route=%2Fwp%2Fv2%2Fmedia&parent=7127"}],"wp:term":[{"taxonomy":"category","embeddable":true,"href":"https:\/\/jlggb.net\/blog2\/index.php?rest_route=%2Fwp%2Fv2%2Fcategories&post=7127"},{"taxonomy":"post_tag","embeddable":true,"href":"https:\/\/jlggb.net\/blog2\/index.php?rest_route=%2Fwp%2Fv2%2Ftags&post=7127"}],"curies":[{"name":"wp","href":"https:\/\/api.w.org\/{rel}","templated":true}]}}