{"id":7070,"date":"2011-08-31T23:00:00","date_gmt":"2011-08-31T21:00:00","guid":{"rendered":"http:\/\/jlggb.net\/blog2\/?p=7070"},"modified":"2014-12-03T01:55:50","modified_gmt":"2014-12-03T00:55:50","slug":"naissance-de-la-couleur-des-jours","status":"publish","type":"post","link":"https:\/\/jlggb.net\/blog2\/?p=7070","title":{"rendered":"Naissance de La Couleur des jours"},"content":{"rendered":"<p><a href=\"https:\/\/jlggb.net\/blog2\/wp-content\/uploads\/2011\/09\/couleurs-plafond.jpg\" data-rel=\"lightbox-image-0\" data-imagelightbox=\"0\" data-rl_title=\"\" data-rl_caption=\"\"><img loading=\"lazy\" decoding=\"async\" class=\"alignnone size-full wp-image-7072\" title=\"\" src=\"https:\/\/jlggb.net\/blog2\/wp-content\/uploads\/2011\/09\/couleurs-plafond.jpg\" alt=\"\" width=\"640\" height=\"480\" srcset=\"https:\/\/jlggb.net\/blog2\/wp-content\/uploads\/2011\/09\/couleurs-plafond.jpg 1280w, https:\/\/jlggb.net\/blog2\/wp-content\/uploads\/2011\/09\/couleurs-plafond-300x225.jpg 300w, https:\/\/jlggb.net\/blog2\/wp-content\/uploads\/2011\/09\/couleurs-plafond-1024x768.jpg 1024w, https:\/\/jlggb.net\/blog2\/wp-content\/uploads\/2011\/09\/couleurs-plafond-150x112.jpg 150w\" sizes=\"auto, (max-width: 640px) 100vw, 640px\" \/><br \/>\n<\/a><a href=\"https:\/\/jlggb.net\/blog2\/wp-content\/uploads\/2011\/09\/couleurs-journal.jpg\" data-rel=\"lightbox-image-1\" data-imagelightbox=\"1\" data-rl_title=\"\" data-rl_caption=\"\"><img loading=\"lazy\" decoding=\"async\" class=\"alignnone size-full wp-image-7073\" title=\"\" src=\"https:\/\/jlggb.net\/blog2\/wp-content\/uploads\/2011\/09\/couleurs-journal.jpg\" alt=\"\" width=\"640\" height=\"480\" srcset=\"https:\/\/jlggb.net\/blog2\/wp-content\/uploads\/2011\/09\/couleurs-journal.jpg 1280w, https:\/\/jlggb.net\/blog2\/wp-content\/uploads\/2011\/09\/couleurs-journal-300x225.jpg 300w, https:\/\/jlggb.net\/blog2\/wp-content\/uploads\/2011\/09\/couleurs-journal-1024x768.jpg 1024w, https:\/\/jlggb.net\/blog2\/wp-content\/uploads\/2011\/09\/couleurs-journal-150x112.jpg 150w\" sizes=\"auto, (max-width: 640px) 100vw, 640px\" \/><\/a><br \/>\nMercredi 31 ao\u00fbt 2011, 18h30-20h. Comme pr\u00e9vu, une petite f\u00eate pour le lancement du journal trimestriel <em>La Couleur des jours<\/em>. C&rsquo;est au caf\u00e9 Bar-Tabac, rue Beau-S\u00e9jour \u00e0 Lausanne, lieu sympathique. Avec un buffet, du vin rouge et du vin blanc. Je connais au moins quatre personnes&nbsp;: Pierre et \u00c9lisabeth (les fondateurs du journal), Leonor et Arthur (les enfants d&rsquo;Andr\u00e9 et Anne).<br \/>\nLe site du journal&nbsp;: <a href=\"http:\/\/www.lacouleurdesjours.ch\/\" target=\"_blank\">http:\/\/www.lacouleurdesjours.ch\/<\/a><\/p>\n","protected":false},"excerpt":{"rendered":"<p>Mercredi 31 ao\u00fbt 2011, 18h30-20h. Comme pr\u00e9vu, une petite f\u00eate pour le lancement du journal trimestriel La Couleur des jours. C&rsquo;est au caf\u00e9 Bar-Tabac, rue Beau-S\u00e9jour \u00e0 Lausanne, lieu sympathique. Avec un buffet, du vin rouge et du vin blanc. Je connais au moins quatre personnes&nbsp;: Pierre et \u00c9lisabeth (les fondateurs du journal), Leonor et &hellip; <a href=\"https:\/\/jlggb.net\/blog2\/?p=7070\" class=\"more-link\">Continuer la lecture de <span class=\"screen-reader-text\">Naissance de La Couleur des jours<\/span><\/a><\/p>\n","protected":false},"author":2,"featured_media":0,"comment_status":"closed","ping_status":"closed","sticky":false,"template":"","format":"standard","meta":{"footnotes":""},"categories":[5,10],"tags":[746,890],"class_list":["post-7070","post","type-post","status-publish","format-standard","hentry","category-evenement","category-typographie","tag-journal","tag-la-couleur-des-jours"],"_links":{"self":[{"href":"https:\/\/jlggb.net\/blog2\/index.php?rest_route=\/wp\/v2\/posts\/7070","targetHints":{"allow":["GET"]}}],"collection":[{"href":"https:\/\/jlggb.net\/blog2\/index.php?rest_route=\/wp\/v2\/posts"}],"about":[{"href":"https:\/\/jlggb.net\/blog2\/index.php?rest_route=\/wp\/v2\/types\/post"}],"author":[{"embeddable":true,"href":"https:\/\/jlggb.net\/blog2\/index.php?rest_route=\/wp\/v2\/users\/2"}],"replies":[{"embeddable":true,"href":"https:\/\/jlggb.net\/blog2\/index.php?rest_route=%2Fwp%2Fv2%2Fcomments&post=7070"}],"version-history":[{"count":1,"href":"https:\/\/jlggb.net\/blog2\/index.php?rest_route=\/wp\/v2\/posts\/7070\/revisions"}],"predecessor-version":[{"id":8065,"href":"https:\/\/jlggb.net\/blog2\/index.php?rest_route=\/wp\/v2\/posts\/7070\/revisions\/8065"}],"wp:attachment":[{"href":"https:\/\/jlggb.net\/blog2\/index.php?rest_route=%2Fwp%2Fv2%2Fmedia&parent=7070"}],"wp:term":[{"taxonomy":"category","embeddable":true,"href":"https:\/\/jlggb.net\/blog2\/index.php?rest_route=%2Fwp%2Fv2%2Fcategories&post=7070"},{"taxonomy":"post_tag","embeddable":true,"href":"https:\/\/jlggb.net\/blog2\/index.php?rest_route=%2Fwp%2Fv2%2Ftags&post=7070"}],"curies":[{"name":"wp","href":"https:\/\/api.w.org\/{rel}","templated":true}]}}