{"id":6945,"date":"2011-08-17T23:00:28","date_gmt":"2011-08-17T21:00:28","guid":{"rendered":"http:\/\/jlggb.net\/blog2\/?p=6945"},"modified":"2024-08-23T21:07:00","modified_gmt":"2024-08-23T20:07:00","slug":"des-archives-portrait-dauguste-b-a-25-ans","status":"publish","type":"post","link":"https:\/\/jlggb.net\/blog2\/?p=6945","title":{"rendered":"Des archives : portrait d&rsquo;Auguste \u00e0 25 ans"},"content":{"rendered":"<p><img loading=\"lazy\" decoding=\"async\" src=\"https:\/\/jlggb.net\/blog2\/wp-content\/uploads\/2011\/08\/AB-1905.jpg\" alt=\"\" width=\"1280\" height=\"1828\" class=\"alignnone size-full wp-image-6961\" srcset=\"https:\/\/jlggb.net\/blog2\/wp-content\/uploads\/2011\/08\/AB-1905.jpg 1280w, https:\/\/jlggb.net\/blog2\/wp-content\/uploads\/2011\/08\/AB-1905-210x300.jpg 210w, https:\/\/jlggb.net\/blog2\/wp-content\/uploads\/2011\/08\/AB-1905-717x1024.jpg 717w, https:\/\/jlggb.net\/blog2\/wp-content\/uploads\/2011\/08\/AB-1905-105x150.jpg 105w\" sizes=\"auto, (max-width: 1280px) 100vw, 1280px\" \/><\/p>\n<p>Mercredi 17 ao\u00fbt 2011, 23h, Nice-Savoie. Mon grand-p\u00e8re Auguste Boissier est photographi\u00e9 ici \u00e0 l&rsquo;\u00e2ge de 25 ans, en 1905. Je ne connais pas de photo de lui plus jeune. En 1907, il \u00e9pousera Julie Lombard qu&rsquo;il rencontre alors qu&rsquo;il travaille comme tailleur de pierres \u00e0 la restauration du ch\u00e2teau de Grignan, dans la Dr\u00f4me (La marquise de S\u00e9vign\u00e9), dont les parents de Julie sont employ\u00e9s au gardiennage et \u00e0 l&rsquo;entretien.<\/p>\n","protected":false},"excerpt":{"rendered":"<p>Mercredi 17 ao\u00fbt 2011, 23h, Nice-Savoie. Mon grand-p\u00e8re Auguste Boissier est photographi\u00e9 ici \u00e0 l&rsquo;\u00e2ge de 25 ans, en 1905. Je ne connais pas de photo de lui plus jeune. En 1907, il \u00e9pousera Julie Lombard qu&rsquo;il rencontre alors qu&rsquo;il travaille comme tailleur de pierres \u00e0 la restauration du ch\u00e2teau de Grignan, dans la Dr\u00f4me &hellip; <a href=\"https:\/\/jlggb.net\/blog2\/?p=6945\" class=\"more-link\">Continuer la lecture de <span class=\"screen-reader-text\">Des archives : portrait d&rsquo;Auguste \u00e0 25 ans<\/span><\/a><\/p>\n","protected":false},"author":2,"featured_media":0,"comment_status":"closed","ping_status":"closed","sticky":false,"template":"","format":"standard","meta":{"footnotes":""},"categories":[626,30,112],"tags":[826,825],"class_list":["post-6945","post","type-post","status-publish","format-standard","hentry","category-des-archives","category-personne","category-photographie","tag-famille","tag-grignan"],"_links":{"self":[{"href":"https:\/\/jlggb.net\/blog2\/index.php?rest_route=\/wp\/v2\/posts\/6945","targetHints":{"allow":["GET"]}}],"collection":[{"href":"https:\/\/jlggb.net\/blog2\/index.php?rest_route=\/wp\/v2\/posts"}],"about":[{"href":"https:\/\/jlggb.net\/blog2\/index.php?rest_route=\/wp\/v2\/types\/post"}],"author":[{"embeddable":true,"href":"https:\/\/jlggb.net\/blog2\/index.php?rest_route=\/wp\/v2\/users\/2"}],"replies":[{"embeddable":true,"href":"https:\/\/jlggb.net\/blog2\/index.php?rest_route=%2Fwp%2Fv2%2Fcomments&post=6945"}],"version-history":[{"count":7,"href":"https:\/\/jlggb.net\/blog2\/index.php?rest_route=\/wp\/v2\/posts\/6945\/revisions"}],"predecessor-version":[{"id":8091,"href":"https:\/\/jlggb.net\/blog2\/index.php?rest_route=\/wp\/v2\/posts\/6945\/revisions\/8091"}],"wp:attachment":[{"href":"https:\/\/jlggb.net\/blog2\/index.php?rest_route=%2Fwp%2Fv2%2Fmedia&parent=6945"}],"wp:term":[{"taxonomy":"category","embeddable":true,"href":"https:\/\/jlggb.net\/blog2\/index.php?rest_route=%2Fwp%2Fv2%2Fcategories&post=6945"},{"taxonomy":"post_tag","embeddable":true,"href":"https:\/\/jlggb.net\/blog2\/index.php?rest_route=%2Fwp%2Fv2%2Ftags&post=6945"}],"curies":[{"name":"wp","href":"https:\/\/api.w.org\/{rel}","templated":true}]}}