{"id":6863,"date":"2011-08-09T21:00:09","date_gmt":"2011-08-09T19:00:09","guid":{"rendered":"http:\/\/jlggb.net\/blog2\/?p=6863"},"modified":"2011-08-12T10:17:48","modified_gmt":"2011-08-12T08:17:48","slug":"la-rotonde-de-la-villette","status":"publish","type":"post","link":"https:\/\/jlggb.net\/blog2\/?p=6863","title":{"rendered":"La rotonde de La Villette"},"content":{"rendered":"<p><a href=\"https:\/\/jlggb.net\/blog2\/wp-content\/uploads\/2011\/08\/rotonde.jpg\" data-rel=\"lightbox-image-0\" data-imagelightbox=\"0\" data-rl_title=\"\" data-rl_caption=\"\"><img loading=\"lazy\" decoding=\"async\" class=\"alignnone size-full wp-image-6864\" title=\"\" src=\"https:\/\/jlggb.net\/blog2\/wp-content\/uploads\/2011\/08\/rotonde.jpg\" alt=\"\" width=\"640\" height=\"480\" srcset=\"https:\/\/jlggb.net\/blog2\/wp-content\/uploads\/2011\/08\/rotonde.jpg 1280w, https:\/\/jlggb.net\/blog2\/wp-content\/uploads\/2011\/08\/rotonde-300x225.jpg 300w, https:\/\/jlggb.net\/blog2\/wp-content\/uploads\/2011\/08\/rotonde-1024x768.jpg 1024w, https:\/\/jlggb.net\/blog2\/wp-content\/uploads\/2011\/08\/rotonde-150x112.jpg 150w\" sizes=\"auto, (max-width: 640px) 100vw, 640px\" \/><\/a><br \/>\nMardi 9 ao\u00fbt 2011, 21h. Une marche plut\u00f4t sportive nous entra\u00eene jusqu&rsquo;au bassin de La Villette. La Rotonde de Ledoux (1784) a \u00e9t\u00e9 restaur\u00e9e (et transform\u00e9e en restaurant). C&rsquo;est l&rsquo;occasion de l&rsquo;appr\u00e9cier comparativement \u00e0 cet autre \u00e9l\u00e9ment conserv\u00e9 de l&rsquo;enceinte des Fermiers g\u00e9n\u00e9raux, les colonnes de La Nation qui, apr\u00e8s une fort belle restauration aussi, ne peuvent faire oublier les ajouts rococo \u2014 et de statues royales \u2014 du XIXe si\u00e8cle \u2014 dont La Villette a \u00e9t\u00e9 \u00e9pargn\u00e9e. Du Claude Nicolas Ledoux pur.<\/p>\n","protected":false},"excerpt":{"rendered":"<p>Mardi 9 ao\u00fbt 2011, 21h. Une marche plut\u00f4t sportive nous entra\u00eene jusqu&rsquo;au bassin de La Villette. La Rotonde de Ledoux (1784) a \u00e9t\u00e9 restaur\u00e9e (et transform\u00e9e en restaurant). C&rsquo;est l&rsquo;occasion de l&rsquo;appr\u00e9cier comparativement \u00e0 cet autre \u00e9l\u00e9ment conserv\u00e9 de l&rsquo;enceinte des Fermiers g\u00e9n\u00e9raux, les colonnes de La Nation qui, apr\u00e8s une fort belle restauration aussi, &hellip; <a href=\"https:\/\/jlggb.net\/blog2\/?p=6863\" class=\"more-link\">Continuer la lecture de <span class=\"screen-reader-text\">La rotonde de La Villette<\/span><\/a><\/p>\n","protected":false},"author":2,"featured_media":0,"comment_status":"closed","ping_status":"closed","sticky":false,"template":"","format":"standard","meta":{"footnotes":""},"categories":[45,74],"tags":[814,815],"class_list":["post-6863","post","type-post","status-publish","format-standard","hentry","category-architecture","category-monument","tag-claude-nicolas-ledoux","tag-la-villette"],"_links":{"self":[{"href":"https:\/\/jlggb.net\/blog2\/index.php?rest_route=\/wp\/v2\/posts\/6863","targetHints":{"allow":["GET"]}}],"collection":[{"href":"https:\/\/jlggb.net\/blog2\/index.php?rest_route=\/wp\/v2\/posts"}],"about":[{"href":"https:\/\/jlggb.net\/blog2\/index.php?rest_route=\/wp\/v2\/types\/post"}],"author":[{"embeddable":true,"href":"https:\/\/jlggb.net\/blog2\/index.php?rest_route=\/wp\/v2\/users\/2"}],"replies":[{"embeddable":true,"href":"https:\/\/jlggb.net\/blog2\/index.php?rest_route=%2Fwp%2Fv2%2Fcomments&post=6863"}],"version-history":[{"count":0,"href":"https:\/\/jlggb.net\/blog2\/index.php?rest_route=\/wp\/v2\/posts\/6863\/revisions"}],"wp:attachment":[{"href":"https:\/\/jlggb.net\/blog2\/index.php?rest_route=%2Fwp%2Fv2%2Fmedia&parent=6863"}],"wp:term":[{"taxonomy":"category","embeddable":true,"href":"https:\/\/jlggb.net\/blog2\/index.php?rest_route=%2Fwp%2Fv2%2Fcategories&post=6863"},{"taxonomy":"post_tag","embeddable":true,"href":"https:\/\/jlggb.net\/blog2\/index.php?rest_route=%2Fwp%2Fv2%2Ftags&post=6863"}],"curies":[{"name":"wp","href":"https:\/\/api.w.org\/{rel}","templated":true}]}}