{"id":6850,"date":"2011-06-30T14:45:38","date_gmt":"2011-06-30T12:45:38","guid":{"rendered":"http:\/\/jlggb.net\/blog2\/?p=6850"},"modified":"2025-04-11T18:31:41","modified_gmt":"2025-04-11T17:31:41","slug":"hiroshima-le-penseur","status":"publish","type":"post","link":"https:\/\/jlggb.net\/blog2\/?p=6850","title":{"rendered":"Hiroshima, Le Penseur"},"content":{"rendered":"<p><a href=\"https:\/\/jlggb.net\/blog2\/wp-content\/uploads\/2011\/08\/hiroshima-rodin.jpg\" data-rel=\"lightbox-image-0\" data-imagelightbox=\"0\" data-rl_title=\"\" data-rl_caption=\"\"><img loading=\"lazy\" decoding=\"async\" class=\"alignnone size-full wp-image-6851\" title=\"\" alt=\"\" src=\"https:\/\/jlggb.net\/blog2\/wp-content\/uploads\/2011\/08\/hiroshima-rodin.jpg\" width=\"640\" height=\"480\" srcset=\"https:\/\/jlggb.net\/blog2\/wp-content\/uploads\/2011\/08\/hiroshima-rodin.jpg 1280w, https:\/\/jlggb.net\/blog2\/wp-content\/uploads\/2011\/08\/hiroshima-rodin-300x225.jpg 300w, https:\/\/jlggb.net\/blog2\/wp-content\/uploads\/2011\/08\/hiroshima-rodin-1024x768.jpg 1024w, https:\/\/jlggb.net\/blog2\/wp-content\/uploads\/2011\/08\/hiroshima-rodin-150x112.jpg 150w\" sizes=\"auto, (max-width: 640px) 100vw, 640px\" \/><\/a><br \/>\nJeudi 30 juin 2011, 14h45. Dans une avenue du centre d&rsquo;Hiroshima, Aioi Dori (coordonn\u00e9es&nbsp;: +34\u00b0 23&prime; 35.69&Prime;, +132\u00b0 28&prime; 0.89&Prime;), cette sculpture \u00ab Le Penseur Auguste Rodin \u00bb.<\/p>\n<p style=\"text-align: center;\"><a href=\"https:\/\/jlggb.net\/blog2\/wp-content\/uploads\/2011\/08\/ecolieres-1024.jpg\" data-rel=\"lightbox-image-1\" data-imagelightbox=\"1\" data-rl_title=\"\" data-rl_caption=\"\"><img loading=\"lazy\" decoding=\"async\" class=\"size-full wp-image-6852 aligncenter\" title=\"\" alt=\"\" src=\"https:\/\/jlggb.net\/blog2\/wp-content\/uploads\/2011\/08\/ecolieres-1024.jpg\" width=\"320\" height=\"320\" srcset=\"https:\/\/jlggb.net\/blog2\/wp-content\/uploads\/2011\/08\/ecolieres-1024.jpg 1024w, https:\/\/jlggb.net\/blog2\/wp-content\/uploads\/2011\/08\/ecolieres-1024-150x150.jpg 150w, https:\/\/jlggb.net\/blog2\/wp-content\/uploads\/2011\/08\/ecolieres-1024-300x300.jpg 300w\" sizes=\"auto, (max-width: 320px) 100vw, 320px\" \/><\/a>Deux \u00e9coli\u00e8res qui ont pour mission d&rsquo;ajouter des plantes \u00e0 la rue.<\/p>\n<p>2025&nbsp;: <a href=\"https:\/\/jlggb.net\/blog9\/2025\/03\/02\/trafic-de-pensees-et-de-donnees\/\">https:\/\/jlggb.net\/blog9\/2025\/03\/02\/trafic-de-pensees-et-de-donnees\/<\/a><\/p>\n","protected":false},"excerpt":{"rendered":"<p>Jeudi 30 juin 2011, 14h45. Dans une avenue du centre d&rsquo;Hiroshima, Aioi Dori (coordonn\u00e9es&nbsp;: +34\u00b0 23&prime; 35.69&Prime;, +132\u00b0 28&prime; 0.89&Prime;), cette sculpture \u00ab Le Penseur Auguste Rodin \u00bb. Deux \u00e9coli\u00e8res qui ont pour mission d&rsquo;ajouter des plantes \u00e0 la rue. 2025&nbsp;: https:\/\/jlggb.net\/blog9\/2025\/03\/02\/trafic-de-pensees-et-de-donnees\/<\/p>\n","protected":false},"author":2,"featured_media":0,"comment_status":"closed","ping_status":"closed","sticky":false,"template":"","format":"standard","meta":{"footnotes":""},"categories":[74,17,219],"tags":[739,813],"class_list":["post-6850","post","type-post","status-publish","format-standard","hentry","category-monument","category-observation","category-plante","tag-hiroshima","tag-rodin"],"_links":{"self":[{"href":"https:\/\/jlggb.net\/blog2\/index.php?rest_route=\/wp\/v2\/posts\/6850","targetHints":{"allow":["GET"]}}],"collection":[{"href":"https:\/\/jlggb.net\/blog2\/index.php?rest_route=\/wp\/v2\/posts"}],"about":[{"href":"https:\/\/jlggb.net\/blog2\/index.php?rest_route=\/wp\/v2\/types\/post"}],"author":[{"embeddable":true,"href":"https:\/\/jlggb.net\/blog2\/index.php?rest_route=\/wp\/v2\/users\/2"}],"replies":[{"embeddable":true,"href":"https:\/\/jlggb.net\/blog2\/index.php?rest_route=%2Fwp%2Fv2%2Fcomments&post=6850"}],"version-history":[{"count":3,"href":"https:\/\/jlggb.net\/blog2\/index.php?rest_route=\/wp\/v2\/posts\/6850\/revisions"}],"predecessor-version":[{"id":8520,"href":"https:\/\/jlggb.net\/blog2\/index.php?rest_route=\/wp\/v2\/posts\/6850\/revisions\/8520"}],"wp:attachment":[{"href":"https:\/\/jlggb.net\/blog2\/index.php?rest_route=%2Fwp%2Fv2%2Fmedia&parent=6850"}],"wp:term":[{"taxonomy":"category","embeddable":true,"href":"https:\/\/jlggb.net\/blog2\/index.php?rest_route=%2Fwp%2Fv2%2Fcategories&post=6850"},{"taxonomy":"post_tag","embeddable":true,"href":"https:\/\/jlggb.net\/blog2\/index.php?rest_route=%2Fwp%2Fv2%2Ftags&post=6850"}],"curies":[{"name":"wp","href":"https:\/\/api.w.org\/{rel}","templated":true}]}}