{"id":6783,"date":"2011-08-07T01:08:59","date_gmt":"2011-08-06T23:08:59","guid":{"rendered":"http:\/\/jlggb.net\/blog2\/?p=6783"},"modified":"2020-04-23T19:04:37","modified_gmt":"2020-04-23T18:04:37","slug":"des-archives-des-photographies-inedites-avignon-1967","status":"publish","type":"post","link":"https:\/\/jlggb.net\/blog2\/?p=6783","title":{"rendered":"Des archives : photographies in\u00e9dites, Avignon 1967"},"content":{"rendered":"<p><a href=\"https:\/\/jlggb.net\/blog2\/wp-content\/uploads\/2011\/08\/godard-verger-1967-r.jpg\" data-rel=\"lightbox-image-0\" data-imagelightbox=\"0\" data-rl_title=\"\" data-rl_caption=\"\"><img loading=\"lazy\" decoding=\"async\" class=\"alignnone size-full wp-image-6787\" title=\"\" src=\"https:\/\/jlggb.net\/blog2\/wp-content\/uploads\/2011\/08\/godard-verger-1967-r.jpg\" alt=\"\" width=\"640\" height=\"427\" srcset=\"https:\/\/jlggb.net\/blog2\/wp-content\/uploads\/2011\/08\/godard-verger-1967-r.jpg 1280w, https:\/\/jlggb.net\/blog2\/wp-content\/uploads\/2011\/08\/godard-verger-1967-r-300x199.jpg 300w, https:\/\/jlggb.net\/blog2\/wp-content\/uploads\/2011\/08\/godard-verger-1967-r-1024x682.jpg 1024w, https:\/\/jlggb.net\/blog2\/wp-content\/uploads\/2011\/08\/godard-verger-1967-r-150x99.jpg 150w\" sizes=\"auto, (max-width: 640px) 100vw, 640px\" \/><\/a><br \/>\nJ&rsquo;inaugure ici la publication de photographies tir\u00e9es \u00e0 partir de mes propres n\u00e9gatifs. Avec ce <em>scoop<\/em>, Jean-Luc Godard lors d\u2019un d\u00e9bat public du Festival d\u2019Avignon au Verger d\u2019Urbain V, le 5 ao\u00fbt 1967, deux jours apr\u00e8s la premi\u00e8re du film <em>La Chinoise<\/em>, dans la cour d\u2019honneur du Palais des papes. On voit qu&rsquo;il y a un monde fou. Juste derri\u00e8re Godard, on aper\u00e7oit Antoine Bourseiller, qui \u00e9tait li\u00e9 \u00e0 la production de <em>La Chinoise<\/em> et aussi impliqu\u00e9 dans le Festival d&rsquo;Avignon. (Peut-\u00eatre faut-il encore v\u00e9rifier les dates). Les autres photos sont prises au m\u00eame endroit, mais le matin, lors d&rsquo;une conf\u00e9rence de presse. On y voit Marie-J\u00e9sus Diaz \u2014 photographe, Juliet Berto, Michel S\u00e9m\u00e9niako \u2014 acteurs dans le film. Le dernier portrait de Juliet Berto avait d\u00e9j\u00e0 \u00e9t\u00e9 num\u00e9ris\u00e9 d&rsquo;apr\u00e8s un tirage et publi\u00e9 dans \u00ab 20 ans \u00bb&nbsp;: <a href=\"https:\/\/jlggb.net\/blog2\/?p=1020\">https:\/\/jlggb.net\/blog2\/?p=1020<\/a>. Il est est ici dans son cadrage conforme aux n\u00e9gatifs, comme les autres photographies. Un d\u00e9tail de la photo de Godard pendant la conf\u00e9rence de presse a \u00e9t\u00e9 publi\u00e9 en couverture de la revue du Cin\u00e9-Club de Clermont-Ferrand, en 1967 ou 1968. \u00a9Photos JLggB 1967.<br \/>\n<span style=\"color: #ffffff;\">&#8211;<\/span><br \/>\n<a href=\"https:\/\/jlggb.net\/blog2\/wp-content\/uploads\/2011\/08\/godard-presse-verger-1967-r.jpg\" data-rel=\"lightbox-image-1\" data-imagelightbox=\"1\" data-rl_title=\"\" data-rl_caption=\"\"><img loading=\"lazy\" decoding=\"async\" class=\"alignnone size-full wp-image-6789\" title=\"\" src=\"https:\/\/jlggb.net\/blog2\/wp-content\/uploads\/2011\/08\/godard-presse-verger-1967-r.jpg\" alt=\"\" width=\"640\" height=\"427\" srcset=\"https:\/\/jlggb.net\/blog2\/wp-content\/uploads\/2011\/08\/godard-presse-verger-1967-r.jpg 1280w, https:\/\/jlggb.net\/blog2\/wp-content\/uploads\/2011\/08\/godard-presse-verger-1967-r-300x199.jpg 300w, https:\/\/jlggb.net\/blog2\/wp-content\/uploads\/2011\/08\/godard-presse-verger-1967-r-1024x682.jpg 1024w, https:\/\/jlggb.net\/blog2\/wp-content\/uploads\/2011\/08\/godard-presse-verger-1967-r-150x99.jpg 150w\" sizes=\"auto, (max-width: 640px) 100vw, 640px\" \/><\/a><br \/>\n<a href=\"https:\/\/jlggb.net\/blog2\/wp-content\/uploads\/2011\/08\/godard-portrait-verger-1967-\u00a9jean-louis-boissier.jpg\" data-rel=\"lightbox-image-2\" data-imagelightbox=\"2\" data-rl_title=\"\" data-rl_caption=\"\" title=\"\"><img loading=\"lazy\" decoding=\"async\" class=\"alignnone wp-image-8121\" src=\"https:\/\/jlggb.net\/blog2\/wp-content\/uploads\/2011\/08\/godard-portrait-verger-1967-\u00a9jean-louis-boissier.jpg\" alt=\"\" width=\"640\" height=\"427\" srcset=\"https:\/\/jlggb.net\/blog2\/wp-content\/uploads\/2011\/08\/godard-portrait-verger-1967-\u00a9jean-louis-boissier.jpg 2000w, https:\/\/jlggb.net\/blog2\/wp-content\/uploads\/2011\/08\/godard-portrait-verger-1967-\u00a9jean-louis-boissier-300x200.jpg 300w, https:\/\/jlggb.net\/blog2\/wp-content\/uploads\/2011\/08\/godard-portrait-verger-1967-\u00a9jean-louis-boissier-768x512.jpg 768w, https:\/\/jlggb.net\/blog2\/wp-content\/uploads\/2011\/08\/godard-portrait-verger-1967-\u00a9jean-louis-boissier-1024x682.jpg 1024w, https:\/\/jlggb.net\/blog2\/wp-content\/uploads\/2011\/08\/godard-portrait-verger-1967-\u00a9jean-louis-boissier-150x100.jpg 150w\" sizes=\"auto, (max-width: 640px) 100vw, 640px\" \/><\/a><br \/>\n<a href=\"https:\/\/jlggb.net\/blog2\/wp-content\/uploads\/2011\/08\/mjd-jb-avignon-1967-r.jpg\" data-rel=\"lightbox-image-3\" data-imagelightbox=\"3\" data-rl_title=\"\" data-rl_caption=\"\"><img loading=\"lazy\" decoding=\"async\" class=\"alignnone size-full wp-image-6790\" title=\"\" src=\"https:\/\/jlggb.net\/blog2\/wp-content\/uploads\/2011\/08\/mjd-jb-avignon-1967-r.jpg\" alt=\"\" width=\"640\" height=\"427\" srcset=\"https:\/\/jlggb.net\/blog2\/wp-content\/uploads\/2011\/08\/mjd-jb-avignon-1967-r.jpg 1280w, https:\/\/jlggb.net\/blog2\/wp-content\/uploads\/2011\/08\/mjd-jb-avignon-1967-r-300x199.jpg 300w, https:\/\/jlggb.net\/blog2\/wp-content\/uploads\/2011\/08\/mjd-jb-avignon-1967-r-1024x682.jpg 1024w, https:\/\/jlggb.net\/blog2\/wp-content\/uploads\/2011\/08\/mjd-jb-avignon-1967-r-150x99.jpg 150w\" sizes=\"auto, (max-width: 640px) 100vw, 640px\" \/><\/a><br \/>\n<a href=\"https:\/\/jlggb.net\/blog2\/wp-content\/uploads\/2011\/08\/jb-ms-avignon-1967-r.jpg\" data-rel=\"lightbox-image-4\" data-imagelightbox=\"4\" data-rl_title=\"\" data-rl_caption=\"\"><img loading=\"lazy\" decoding=\"async\" class=\"alignnone size-full wp-image-6791\" title=\"\" src=\"https:\/\/jlggb.net\/blog2\/wp-content\/uploads\/2011\/08\/jb-ms-avignon-1967-r.jpg\" alt=\"\" width=\"640\" height=\"427\" srcset=\"https:\/\/jlggb.net\/blog2\/wp-content\/uploads\/2011\/08\/jb-ms-avignon-1967-r.jpg 1280w, https:\/\/jlggb.net\/blog2\/wp-content\/uploads\/2011\/08\/jb-ms-avignon-1967-r-300x199.jpg 300w, https:\/\/jlggb.net\/blog2\/wp-content\/uploads\/2011\/08\/jb-ms-avignon-1967-r-1024x682.jpg 1024w, https:\/\/jlggb.net\/blog2\/wp-content\/uploads\/2011\/08\/jb-ms-avignon-1967-r-150x99.jpg 150w\" sizes=\"auto, (max-width: 640px) 100vw, 640px\" \/><\/a><br \/>\n<a href=\"https:\/\/jlggb.net\/blog2\/wp-content\/uploads\/2011\/08\/jb-avignon-1967-r.jpg\" data-rel=\"lightbox-image-5\" data-imagelightbox=\"5\" data-rl_title=\"\" data-rl_caption=\"\"><img loading=\"lazy\" decoding=\"async\" class=\"alignnone size-full wp-image-6792\" title=\"\" src=\"https:\/\/jlggb.net\/blog2\/wp-content\/uploads\/2011\/08\/jb-avignon-1967-r.jpg\" alt=\"\" width=\"640\" height=\"427\" srcset=\"https:\/\/jlggb.net\/blog2\/wp-content\/uploads\/2011\/08\/jb-avignon-1967-r.jpg 1280w, https:\/\/jlggb.net\/blog2\/wp-content\/uploads\/2011\/08\/jb-avignon-1967-r-300x199.jpg 300w, https:\/\/jlggb.net\/blog2\/wp-content\/uploads\/2011\/08\/jb-avignon-1967-r-1024x682.jpg 1024w, https:\/\/jlggb.net\/blog2\/wp-content\/uploads\/2011\/08\/jb-avignon-1967-r-150x99.jpg 150w\" sizes=\"auto, (max-width: 640px) 100vw, 640px\" \/><\/a><\/p>\n<p style=\"text-align: center;\">Appareil utilis\u00e9&nbsp;: Asahi Pentax Spotmatic. Film&nbsp;: Ilford HPS.<\/p>\n","protected":false},"excerpt":{"rendered":"<p>J&rsquo;inaugure ici la publication de photographies tir\u00e9es \u00e0 partir de mes propres n\u00e9gatifs. Avec ce scoop, Jean-Luc Godard lors d\u2019un d\u00e9bat public du Festival d\u2019Avignon au Verger d\u2019Urbain V, le 5 ao\u00fbt 1967, deux jours apr\u00e8s la premi\u00e8re du film La Chinoise, dans la cour d\u2019honneur du Palais des papes. On voit qu&rsquo;il y a &hellip; <a href=\"https:\/\/jlggb.net\/blog2\/?p=6783\" class=\"more-link\">Continuer la lecture de <span class=\"screen-reader-text\">Des archives : photographies in\u00e9dites, Avignon 1967<\/span><\/a><\/p>\n","protected":false},"author":2,"featured_media":0,"comment_status":"closed","ping_status":"closed","sticky":false,"template":"","format":"standard","meta":{"footnotes":""},"categories":[109,201,112],"tags":[809,261,808,810],"class_list":["post-6783","post","type-post","status-publish","format-standard","hentry","category-cinema","category-collection","category-photographie","tag-avigon","tag-jean-luc-godard","tag-juliet-berto","tag-la-chinoise"],"_links":{"self":[{"href":"https:\/\/jlggb.net\/blog2\/index.php?rest_route=\/wp\/v2\/posts\/6783","targetHints":{"allow":["GET"]}}],"collection":[{"href":"https:\/\/jlggb.net\/blog2\/index.php?rest_route=\/wp\/v2\/posts"}],"about":[{"href":"https:\/\/jlggb.net\/blog2\/index.php?rest_route=\/wp\/v2\/types\/post"}],"author":[{"embeddable":true,"href":"https:\/\/jlggb.net\/blog2\/index.php?rest_route=\/wp\/v2\/users\/2"}],"replies":[{"embeddable":true,"href":"https:\/\/jlggb.net\/blog2\/index.php?rest_route=%2Fwp%2Fv2%2Fcomments&post=6783"}],"version-history":[{"count":5,"href":"https:\/\/jlggb.net\/blog2\/index.php?rest_route=\/wp\/v2\/posts\/6783\/revisions"}],"predecessor-version":[{"id":8202,"href":"https:\/\/jlggb.net\/blog2\/index.php?rest_route=\/wp\/v2\/posts\/6783\/revisions\/8202"}],"wp:attachment":[{"href":"https:\/\/jlggb.net\/blog2\/index.php?rest_route=%2Fwp%2Fv2%2Fmedia&parent=6783"}],"wp:term":[{"taxonomy":"category","embeddable":true,"href":"https:\/\/jlggb.net\/blog2\/index.php?rest_route=%2Fwp%2Fv2%2Fcategories&post=6783"},{"taxonomy":"post_tag","embeddable":true,"href":"https:\/\/jlggb.net\/blog2\/index.php?rest_route=%2Fwp%2Fv2%2Ftags&post=6783"}],"curies":[{"name":"wp","href":"https:\/\/api.w.org\/{rel}","templated":true}]}}