{"id":6667,"date":"2011-07-29T21:11:26","date_gmt":"2011-07-29T19:11:26","guid":{"rendered":"http:\/\/jlggb.net\/blog2\/?p=6667"},"modified":"2011-07-30T11:17:39","modified_gmt":"2011-07-30T09:17:39","slug":"coucher-de-soleil-sur-lautoroute-du-soleil","status":"publish","type":"post","link":"https:\/\/jlggb.net\/blog2\/?p=6667","title":{"rendered":"Coucher de soleil sur l&rsquo;autoroute du Soleil"},"content":{"rendered":"<p><a href=\"https:\/\/jlggb.net\/blog2\/wp-content\/uploads\/2011\/07\/soleil-autoroute.jpg\" data-rel=\"lightbox-image-0\" data-imagelightbox=\"0\" data-rl_title=\"\" data-rl_caption=\"\"><img loading=\"lazy\" decoding=\"async\" src=\"https:\/\/jlggb.net\/blog2\/wp-content\/uploads\/2011\/07\/soleil-autoroute.jpg\" alt=\"\" title=\"\" width=\"640\" height=\"480\" class=\"alignnone size-full wp-image-6670\" srcset=\"https:\/\/jlggb.net\/blog2\/wp-content\/uploads\/2011\/07\/soleil-autoroute.jpg 1280w, https:\/\/jlggb.net\/blog2\/wp-content\/uploads\/2011\/07\/soleil-autoroute-300x225.jpg 300w, https:\/\/jlggb.net\/blog2\/wp-content\/uploads\/2011\/07\/soleil-autoroute-1024x768.jpg 1024w, https:\/\/jlggb.net\/blog2\/wp-content\/uploads\/2011\/07\/soleil-autoroute-150x112.jpg 150w\" sizes=\"auto, (max-width: 640px) 100vw, 640px\" \/><\/a><br \/>\nVendredi 29 juillet 2011, 21h11, vue du TGV, \u00e0 l&rsquo;endroit o\u00f9 la ligne qui remonte vers Paris croise l&rsquo;autoroute du Soleil (au sortir du Morvan, \u00e0 la fronti\u00e8re entre les d\u00e9partements de la C\u00f4te d&rsquo;or et de l&rsquo;Yonne). Un jour de grand d\u00e9parts.<\/p>\n","protected":false},"excerpt":{"rendered":"<p>Vendredi 29 juillet 2011, 21h11, vue du TGV, \u00e0 l&rsquo;endroit o\u00f9 la ligne qui remonte vers Paris croise l&rsquo;autoroute du Soleil (au sortir du Morvan, \u00e0 la fronti\u00e8re entre les d\u00e9partements de la C\u00f4te d&rsquo;or et de l&rsquo;Yonne). Un jour de grand d\u00e9parts.<\/p>\n","protected":false},"author":2,"featured_media":0,"comment_status":"closed","ping_status":"closed","sticky":false,"template":"","format":"standard","meta":{"footnotes":""},"categories":[31,90,211],"tags":[696,798,297],"class_list":["post-6667","post","type-post","status-publish","format-standard","hentry","category-coincidence","category-transport","category-vue","tag-autoroute","tag-morvan","tag-tgv"],"_links":{"self":[{"href":"https:\/\/jlggb.net\/blog2\/index.php?rest_route=\/wp\/v2\/posts\/6667","targetHints":{"allow":["GET"]}}],"collection":[{"href":"https:\/\/jlggb.net\/blog2\/index.php?rest_route=\/wp\/v2\/posts"}],"about":[{"href":"https:\/\/jlggb.net\/blog2\/index.php?rest_route=\/wp\/v2\/types\/post"}],"author":[{"embeddable":true,"href":"https:\/\/jlggb.net\/blog2\/index.php?rest_route=\/wp\/v2\/users\/2"}],"replies":[{"embeddable":true,"href":"https:\/\/jlggb.net\/blog2\/index.php?rest_route=%2Fwp%2Fv2%2Fcomments&post=6667"}],"version-history":[{"count":0,"href":"https:\/\/jlggb.net\/blog2\/index.php?rest_route=\/wp\/v2\/posts\/6667\/revisions"}],"wp:attachment":[{"href":"https:\/\/jlggb.net\/blog2\/index.php?rest_route=%2Fwp%2Fv2%2Fmedia&parent=6667"}],"wp:term":[{"taxonomy":"category","embeddable":true,"href":"https:\/\/jlggb.net\/blog2\/index.php?rest_route=%2Fwp%2Fv2%2Fcategories&post=6667"},{"taxonomy":"post_tag","embeddable":true,"href":"https:\/\/jlggb.net\/blog2\/index.php?rest_route=%2Fwp%2Fv2%2Ftags&post=6667"}],"curies":[{"name":"wp","href":"https:\/\/api.w.org\/{rel}","templated":true}]}}