{"id":6644,"date":"2011-07-28T22:00:22","date_gmt":"2011-07-28T20:00:22","guid":{"rendered":"http:\/\/jlggb.net\/blog2\/?p=6644"},"modified":"2011-07-28T23:58:57","modified_gmt":"2011-07-28T21:58:57","slug":"larc-de-campanus-la-nuit","status":"publish","type":"post","link":"https:\/\/jlggb.net\/blog2\/?p=6644","title":{"rendered":"L&rsquo;Arc de Campanus la nuit"},"content":{"rendered":"<p><a href=\"https:\/\/jlggb.net\/blog2\/wp-content\/uploads\/2011\/07\/campanus-nuit.jpg\" data-rel=\"lightbox-image-0\" data-imagelightbox=\"0\" data-rl_title=\"\" data-rl_caption=\"\"><img loading=\"lazy\" decoding=\"async\" class=\"alignnone size-full wp-image-6645\" title=\"\" src=\"https:\/\/jlggb.net\/blog2\/wp-content\/uploads\/2011\/07\/campanus-nuit.jpg\" alt=\"\" width=\"640\" height=\"480\" srcset=\"https:\/\/jlggb.net\/blog2\/wp-content\/uploads\/2011\/07\/campanus-nuit.jpg 1280w, https:\/\/jlggb.net\/blog2\/wp-content\/uploads\/2011\/07\/campanus-nuit-300x225.jpg 300w, https:\/\/jlggb.net\/blog2\/wp-content\/uploads\/2011\/07\/campanus-nuit-1024x768.jpg 1024w, https:\/\/jlggb.net\/blog2\/wp-content\/uploads\/2011\/07\/campanus-nuit-150x112.jpg 150w\" sizes=\"auto, (max-width: 640px) 100vw, 640px\" \/><\/a><br \/>\nJeudi 28 juillet 2011, 22h, Aix-les-Bains, l&rsquo;Arc de Campanus. Le monument, dat\u00e9 de la 2e moiti\u00e9 1er si\u00e8cle, a \u00e9t\u00e9 interpr\u00e9t\u00e9 comme arc fun\u00e9raire, passage symbolique de la vie \u00e0 la mort. On pense cependant aujourd&rsquo;hui qu&rsquo;il constituait une entr\u00e9e des thermes romains. Voir&nbsp;: <a href=\"http:\/\/www.patrimoine-aixlesbains.fr\/?page=fiches&amp;p=IA73001281\" target=\"_blank\">http:\/\/www.patrimoine-aixlesbains.fr\/?page=fiches&amp;p=IA73001281<\/a>. Ses dimensions&nbsp;: \u00a09,15 m de haut; 7,10 m de large; \u00e9paisseur de 75 cm (tr\u00e8s mince).<\/p>\n","protected":false},"excerpt":{"rendered":"<p>Jeudi 28 juillet 2011, 22h, Aix-les-Bains, l&rsquo;Arc de Campanus. Le monument, dat\u00e9 de la 2e moiti\u00e9 1er si\u00e8cle, a \u00e9t\u00e9 interpr\u00e9t\u00e9 comme arc fun\u00e9raire, passage symbolique de la vie \u00e0 la mort. On pense cependant aujourd&rsquo;hui qu&rsquo;il constituait une entr\u00e9e des thermes romains. Voir&nbsp;: http:\/\/www.patrimoine-aixlesbains.fr\/?page=fiches&amp;p=IA73001281. Ses dimensions&nbsp;: \u00a09,15 m de haut; 7,10 m de large; &hellip; <a href=\"https:\/\/jlggb.net\/blog2\/?p=6644\" class=\"more-link\">Continuer la lecture de <span class=\"screen-reader-text\">L&rsquo;Arc de Campanus la nuit<\/span><\/a><\/p>\n","protected":false},"author":2,"featured_media":0,"comment_status":"closed","ping_status":"closed","sticky":false,"template":"","format":"standard","meta":{"footnotes":""},"categories":[45,7],"tags":[142],"class_list":["post-6644","post","type-post","status-publish","format-standard","hentry","category-architecture","category-moment","tag-aix-les-bains"],"_links":{"self":[{"href":"https:\/\/jlggb.net\/blog2\/index.php?rest_route=\/wp\/v2\/posts\/6644","targetHints":{"allow":["GET"]}}],"collection":[{"href":"https:\/\/jlggb.net\/blog2\/index.php?rest_route=\/wp\/v2\/posts"}],"about":[{"href":"https:\/\/jlggb.net\/blog2\/index.php?rest_route=\/wp\/v2\/types\/post"}],"author":[{"embeddable":true,"href":"https:\/\/jlggb.net\/blog2\/index.php?rest_route=\/wp\/v2\/users\/2"}],"replies":[{"embeddable":true,"href":"https:\/\/jlggb.net\/blog2\/index.php?rest_route=%2Fwp%2Fv2%2Fcomments&post=6644"}],"version-history":[{"count":0,"href":"https:\/\/jlggb.net\/blog2\/index.php?rest_route=\/wp\/v2\/posts\/6644\/revisions"}],"wp:attachment":[{"href":"https:\/\/jlggb.net\/blog2\/index.php?rest_route=%2Fwp%2Fv2%2Fmedia&parent=6644"}],"wp:term":[{"taxonomy":"category","embeddable":true,"href":"https:\/\/jlggb.net\/blog2\/index.php?rest_route=%2Fwp%2Fv2%2Fcategories&post=6644"},{"taxonomy":"post_tag","embeddable":true,"href":"https:\/\/jlggb.net\/blog2\/index.php?rest_route=%2Fwp%2Fv2%2Ftags&post=6644"}],"curies":[{"name":"wp","href":"https:\/\/api.w.org\/{rel}","templated":true}]}}