{"id":6605,"date":"2011-07-28T01:45:04","date_gmt":"2011-07-27T23:45:04","guid":{"rendered":"http:\/\/jlggb.net\/blog2\/?p=6605"},"modified":"2024-10-14T21:53:04","modified_gmt":"2024-10-14T20:53:04","slug":"le-dossier-vaux-en-pre","status":"publish","type":"post","link":"https:\/\/jlggb.net\/blog2\/?p=6605","title":{"rendered":"Le dossier Vaux-en-Pr\u00e9"},"content":{"rendered":"<div style=\"padding:56.25% 0 0 0;position:relative;\"><iframe src=\"https:\/\/player.vimeo.com\/video\/27014130?badge=0&amp;autopause=0&amp;player_id=0&amp;app_id=58479\" frameborder=\"0\" allow=\"autoplay; fullscreen; picture-in-picture; clipboard-write\" style=\"position:absolute;top:0;left:0;width:100%;height:100%;\" title=\"Passage \u00e0 Vaux-en-Pr\u00e9 le 26 juillet 2011 vers 20h\"><\/iframe><\/div>\n<p><script src=\"https:\/\/player.vimeo.com\/api\/player.js\"><\/script><\/p>\n<p>Mardi 26 juillet 2011, vers 20h. TGV de Paris \u00e0 Aix-les-Bains par Lyon et Chamb\u00e9ry. 90 secondes de vid\u00e9o-train vers le village de Vaux-en-Pr\u00e9.<\/p>\n<p>Depuis des ann\u00e9es, passant en TGV, nous avons remarqu\u00e9 ce village sans savoir o\u00f9 il \u00e9tait vraiment ni comment il se nommait. Village remarquable car il appara\u00eet, comme sur un pr\u00e9sentoir, dans le d\u00e9roul\u00e9 du travelling du train. Une \u00e9vidence de village, peut-\u00eatre un peu trop fran\u00e7ais, un peu trop mitterrandien*. Je d\u00e9cide de pratiquer, comme je l&rsquo;ai exp\u00e9riment\u00e9 depuis quelque temps (voir les <a href=\"https:\/\/jlggb.net\/blog2\/?p=6528\">6 minutes de la r\u00e9gion du Lac Biwa au Japon, le 5 juillet<\/a>), une vid\u00e9o avec le iPhone plaqu\u00e9 contre la vitre. R\u00e9sultat int\u00e9ressant, la lumi\u00e8re est bonne. Pour retrouver le lieu, je fais divers calculs de temps et de distances et j&rsquo;explore Google Earth, qui, gr\u00e2ce \u00e0 la mise en perspective, donne une vision plus analogique. C&rsquo;est un petit cimeti\u00e8re, sur une route qui s&rsquo;\u00e9carte de la voie puis relie deux villages, qui va me servir de rep\u00e8re d\u00e9cisif. Il s&rsquo;agit donc de Vaux-en-Pr\u00e9, en Sa\u00f4ne-et-Loire, dans la r\u00e9gion du Creusot, de Montceau-les-Mines et de Chalon-sur-Sa\u00f4ne, un peu plus au sud, en direction de Cluny. Coordonn\u00e9es terrestres&nbsp;: 46\u00b037&rsquo;39.58&Prime;N &#8211; 4\u00b035&rsquo;55.67&Prime;E. Ensuite, j&rsquo;explore les images Street View et je fais un ensemble de \u00ab prises de vues \u00bb dont je donne un extrait ici. On voit une dame avec une fourche en conversation avec le chauffeur d&rsquo;une camionnette, qui regarde arriver la voiture Google. L&rsquo;image d&rsquo;une fa\u00e7ade et de ses fen\u00eatres qui montrent un int\u00e9rieur m&rsquo;int\u00e9resse particuli\u00e8rement. En 1969-1970, j&rsquo;avais con\u00e7u un sc\u00e9nario de film, intitul\u00e9 <em>Apprentissage de la d\u00e9couverte<\/em>, qui consistait \u00e0 \u00ab sortir \u00bb par la fen\u00eatre d&rsquo;un train pour \u00ab entrer dans le paysage \u00bb jusqu&rsquo;\u00e0 des int\u00e9rieurs de maisons avec personnages. C&rsquo;est cette m\u00eame id\u00e9e qui a \u00e9t\u00e9 r\u00e9alis\u00e9e, avec mes \u00e9tudiants de l&rsquo;Universit\u00e9 Paris 8, en 1984-1985, avec le vid\u00e9odisque <em>Le Bus<\/em>, pour l&rsquo;exposition <em>Les Immat\u00e9riaux<\/em>.<\/p>\n<p>* En \u00e9crivant cela, il me vient \u00e0 l&rsquo;id\u00e9e de chercher \u2014 sur Internet \u2014 quel est le village qui figure sur l&rsquo;affiche de Mitterrand \u00ab La force tranquille\u00a0\u00bb, 1981. D&rsquo;apr\u00e8s le site de M. Gille Chabot, c&rsquo;est celui-l\u00e0 m\u00eame&nbsp;! Cheminot, il va publier un livre, aux \u00e9ditions La Vie du Rail, des photos qu&rsquo;il a prises depuis le TGV&nbsp;: <a href=\"http:\/\/baladeagrandevitesse.blogspot.com\/p\/impressions-au-fil-du-rail.html\" target=\"_blank\" rel=\"noopener\">http:\/\/baladeagrandevitesse.blogspot.com\/p\/impressions-au-fil-du-rail.html<\/a>. Au km 291, c&rsquo;est\u00a0Vaux-en-Pr\u00e9, mais l&rsquo;ensemble de ses 100 photos est int\u00e9ressant, surtout si l&rsquo;on conna\u00eet ce trajet de Paris \u00e0 Marseille en TGV. Voir aussi ses \u00ab Paysages en mouvement \u00bb&nbsp;: <a href=\"http:\/\/baladeagrandevitesse.blogspot.com\/p\/paysages-en-mouvement.html\" target=\"_blank\" rel=\"noopener\">http:\/\/baladeagrandevitesse.blogspot.com\/p\/paysages-en-mouvement.html<\/a>. Mais c&rsquo;est une erreur, le village de l&rsquo;affiche est Sermages, dans la Ni\u00e8vre. Voir <em>Slate<\/em>&nbsp;: <a href=\"http:\/\/www.slate.fr\/story\/36675\/mitterrand-force-tranquille-sermages\" target=\"_blank\" rel=\"noopener\">http:\/\/www.slate.fr\/story\/36675\/mitterrand-force-tranquille-sermages<\/a>.<\/p><\/blockquote>\n<p><a href=\"https:\/\/jlggb.net\/blog2\/wp-content\/uploads\/2011\/07\/vaux-en-pr%C3%A9-cimeti%C3%A8re.jpg\" data-rel=\"lightbox-image-0\" data-imagelightbox=\"0\" data-rl_title=\"\" data-rl_caption=\"\"><img loading=\"lazy\" decoding=\"async\" class=\"alignnone size-full wp-image-6613\" title=\"\" src=\"https:\/\/jlggb.net\/blog2\/wp-content\/uploads\/2011\/07\/vaux-en-pr%C3%A9-cimeti%C3%A8re.jpg\" alt=\"\" width=\"640\" height=\"360\" \/><\/a><br \/>\n<a href=\"https:\/\/jlggb.net\/blog2\/wp-content\/uploads\/2011\/07\/vaux-en-pr%C3%A9-village.jpg\" data-rel=\"lightbox-image-1\" data-imagelightbox=\"1\" data-rl_title=\"\" data-rl_caption=\"\"><img loading=\"lazy\" decoding=\"async\" class=\"alignnone size-full wp-image-6614\" title=\"\" src=\"https:\/\/jlggb.net\/blog2\/wp-content\/uploads\/2011\/07\/vaux-en-pr%C3%A9-village.jpg\" alt=\"\" width=\"640\" height=\"360\" \/><\/a><br \/>\n<a href=\"https:\/\/jlggb.net\/blog2\/wp-content\/uploads\/2011\/07\/vaux-en-pr%C3%A9-earth.jpg\" data-rel=\"lightbox-image-2\" data-imagelightbox=\"2\" data-rl_title=\"\" data-rl_caption=\"\"><img loading=\"lazy\" decoding=\"async\" class=\"alignnone size-full wp-image-6616\" title=\"\" src=\"https:\/\/jlggb.net\/blog2\/wp-content\/uploads\/2011\/07\/vaux-en-pr%C3%A9-earth.jpg\" alt=\"\" width=\"640\" height=\"305\" \/><\/a><br \/>\n<a href=\"https:\/\/jlggb.net\/blog2\/wp-content\/uploads\/2011\/07\/vaux-en-pr%C3%A9-cimeti%C3%A8re-street-e.jpg\" data-rel=\"lightbox-image-3\" data-imagelightbox=\"3\" data-rl_title=\"\" data-rl_caption=\"\"><img loading=\"lazy\" decoding=\"async\" class=\"alignnone size-full wp-image-6618\" title=\"\" src=\"https:\/\/jlggb.net\/blog2\/wp-content\/uploads\/2011\/07\/vaux-en-pr%C3%A9-cimeti%C3%A8re-street-e.jpg\" alt=\"\" width=\"640\" height=\"400\" \/><\/a><br \/>\n<a href=\"https:\/\/jlggb.net\/blog2\/wp-content\/uploads\/2011\/07\/vaux-en-pr\u00e9-mairie-e.jpg\" data-rel=\"lightbox-image-4\" data-imagelightbox=\"4\" data-rl_title=\"\" data-rl_caption=\"\"><img loading=\"lazy\" decoding=\"async\" class=\"alignnone size-full wp-image-6619\" title=\"\" src=\"https:\/\/jlggb.net\/blog2\/wp-content\/uploads\/2011\/07\/vaux-en-pr\u00e9-mairie-e.jpg\" alt=\"\" width=\"640\" height=\"400\" \/><\/a><br \/>\n<a href=\"https:\/\/jlggb.net\/blog2\/wp-content\/uploads\/2011\/07\/vaux-en-pr\u00e9-street-vue-e.jpg\" data-rel=\"lightbox-image-5\" data-imagelightbox=\"5\" data-rl_title=\"\" data-rl_caption=\"\"><img loading=\"lazy\" decoding=\"async\" class=\"alignnone size-full wp-image-6622\" title=\"\" src=\"https:\/\/jlggb.net\/blog2\/wp-content\/uploads\/2011\/07\/vaux-en-pr\u00e9-street-vue-e.jpg\" alt=\"\" width=\"640\" height=\"400\" \/><\/a><br \/>\n<a href=\"https:\/\/jlggb.net\/blog2\/wp-content\/uploads\/2011\/07\/vaux-en-pr\u00e9-int\u00e9rieur-e.jpg\" data-rel=\"lightbox-image-6\" data-imagelightbox=\"6\" data-rl_title=\"\" data-rl_caption=\"\"><img loading=\"lazy\" decoding=\"async\" class=\"alignnone size-full wp-image-6623\" title=\"\" src=\"https:\/\/jlggb.net\/blog2\/wp-content\/uploads\/2011\/07\/vaux-en-pr\u00e9-int\u00e9rieur-e.jpg\" alt=\"\" width=\"640\" height=\"400\" \/><\/a><br \/>\n<a href=\"https:\/\/jlggb.net\/blog2\/wp-content\/uploads\/2011\/07\/vaux-en-pr\u00e9-tgv-e.jpg\" data-rel=\"lightbox-image-7\" data-imagelightbox=\"7\" data-rl_title=\"\" data-rl_caption=\"\"><img loading=\"lazy\" decoding=\"async\" class=\"alignnone size-full wp-image-6620\" title=\"\" src=\"https:\/\/jlggb.net\/blog2\/wp-content\/uploads\/2011\/07\/vaux-en-pr\u00e9-tgv-e.jpg\" alt=\"\" width=\"640\" height=\"400\" \/><\/a><br \/>\nDeux photogrammes de la vid\u00e9o JLggB. Une vue Google Earth. Cinq vues de Google Street View. Sur la derni\u00e8re photo, le passage d&rsquo;un TGV dans le paysage.<\/p>\n","protected":false},"excerpt":{"rendered":"<p>Mardi 26 juillet 2011, vers 20h. TGV de Paris \u00e0 Aix-les-Bains par Lyon et Chamb\u00e9ry. 90 secondes de vid\u00e9o-train vers le village de Vaux-en-Pr\u00e9. Depuis des ann\u00e9es, passant en TGV, nous avons remarqu\u00e9 ce village sans savoir o\u00f9 il \u00e9tait vraiment ni comment il se nommait. Village remarquable car il appara\u00eet, comme sur un pr\u00e9sentoir, &hellip; <a href=\"https:\/\/jlggb.net\/blog2\/?p=6605\" class=\"more-link\">Continuer la lecture de <span class=\"screen-reader-text\">Le dossier Vaux-en-Pr\u00e9<\/span><\/a><\/p>\n","protected":false},"author":2,"featured_media":0,"comment_status":"closed","ping_status":"closed","sticky":false,"template":"","format":"standard","meta":{"footnotes":""},"categories":[31,145,577,90],"tags":[380,297,795,99],"class_list":["post-6605","post","type-post","status-publish","format-standard","hentry","category-coincidence","category-panorama","category-reperage","category-transport","tag-cartographie","tag-tgv","tag-vaux-en-pre","tag-video"],"_links":{"self":[{"href":"https:\/\/jlggb.net\/blog2\/index.php?rest_route=\/wp\/v2\/posts\/6605","targetHints":{"allow":["GET"]}}],"collection":[{"href":"https:\/\/jlggb.net\/blog2\/index.php?rest_route=\/wp\/v2\/posts"}],"about":[{"href":"https:\/\/jlggb.net\/blog2\/index.php?rest_route=\/wp\/v2\/types\/post"}],"author":[{"embeddable":true,"href":"https:\/\/jlggb.net\/blog2\/index.php?rest_route=\/wp\/v2\/users\/2"}],"replies":[{"embeddable":true,"href":"https:\/\/jlggb.net\/blog2\/index.php?rest_route=%2Fwp%2Fv2%2Fcomments&post=6605"}],"version-history":[{"count":4,"href":"https:\/\/jlggb.net\/blog2\/index.php?rest_route=\/wp\/v2\/posts\/6605\/revisions"}],"predecessor-version":[{"id":8421,"href":"https:\/\/jlggb.net\/blog2\/index.php?rest_route=\/wp\/v2\/posts\/6605\/revisions\/8421"}],"wp:attachment":[{"href":"https:\/\/jlggb.net\/blog2\/index.php?rest_route=%2Fwp%2Fv2%2Fmedia&parent=6605"}],"wp:term":[{"taxonomy":"category","embeddable":true,"href":"https:\/\/jlggb.net\/blog2\/index.php?rest_route=%2Fwp%2Fv2%2Fcategories&post=6605"},{"taxonomy":"post_tag","embeddable":true,"href":"https:\/\/jlggb.net\/blog2\/index.php?rest_route=%2Fwp%2Fv2%2Ftags&post=6605"}],"curies":[{"name":"wp","href":"https:\/\/api.w.org\/{rel}","templated":true}]}}