{"id":6221,"date":"2011-07-14T10:30:16","date_gmt":"2011-07-14T08:30:16","guid":{"rendered":"http:\/\/jlggb.net\/blog2\/?p=6221"},"modified":"2024-10-14T21:58:23","modified_gmt":"2024-10-14T20:58:23","slug":"rousseau-pour-memoire","status":"publish","type":"post","link":"https:\/\/jlggb.net\/blog2\/?p=6221","title":{"rendered":"Rousseau pour m\u00e9moire"},"content":{"rendered":"<p><a href=\"https:\/\/jlggb.net\/blog2\/wp-content\/uploads\/2011\/07\/rousseau-motiers-plaque.jpg\" data-rel=\"lightbox-image-0\" data-imagelightbox=\"0\" data-rl_title=\"\" data-rl_caption=\"\"><img loading=\"lazy\" decoding=\"async\" src=\"https:\/\/jlggb.net\/blog2\/wp-content\/uploads\/2011\/07\/rousseau-motiers-plaque.jpg\" alt=\"\" title=\"\" width=\"640\" height=\"480\" class=\"alignnone size-full wp-image-6239\" srcset=\"https:\/\/jlggb.net\/blog2\/wp-content\/uploads\/2011\/07\/rousseau-motiers-plaque.jpg 1280w, https:\/\/jlggb.net\/blog2\/wp-content\/uploads\/2011\/07\/rousseau-motiers-plaque-300x225.jpg 300w, https:\/\/jlggb.net\/blog2\/wp-content\/uploads\/2011\/07\/rousseau-motiers-plaque-1024x768.jpg 1024w, https:\/\/jlggb.net\/blog2\/wp-content\/uploads\/2011\/07\/rousseau-motiers-plaque-150x112.jpg 150w\" sizes=\"auto, (max-width: 640px) 100vw, 640px\" \/><\/a><br \/>\n<a href=\"https:\/\/jlggb.net\/blog2\/wp-content\/uploads\/2011\/07\/rousseau-motiers-maison.jpg\" data-rel=\"lightbox-image-1\" data-imagelightbox=\"1\" data-rl_title=\"\" data-rl_caption=\"\"><img loading=\"lazy\" decoding=\"async\" class=\"alignnone size-full wp-image-6222\" title=\"\" src=\"https:\/\/jlggb.net\/blog2\/wp-content\/uploads\/2011\/07\/rousseau-motiers-maison.jpg\" alt=\"\" width=\"640\" height=\"480\" srcset=\"https:\/\/jlggb.net\/blog2\/wp-content\/uploads\/2011\/07\/rousseau-motiers-maison.jpg 1280w, https:\/\/jlggb.net\/blog2\/wp-content\/uploads\/2011\/07\/rousseau-motiers-maison-300x225.jpg 300w, https:\/\/jlggb.net\/blog2\/wp-content\/uploads\/2011\/07\/rousseau-motiers-maison-1024x768.jpg 1024w, https:\/\/jlggb.net\/blog2\/wp-content\/uploads\/2011\/07\/rousseau-motiers-maison-150x112.jpg 150w\" sizes=\"auto, (max-width: 640px) 100vw, 640px\" \/><\/a><br \/>\nJeudi 14 juillet 2011, 10h30, M\u00f4tiers, Val-de-Travers, Suisse. Pour m\u00e9moire, la maison (mus\u00e9e) Rousseau que nous avons visit\u00e9e d\u00e8s 1992. En 1998, le conservateur, Monsieur Fran\u00e7ois Matthey, nous autorisa \u00e0 filmer, et donc \u00e0 toucher, les rubans tiss\u00e9s par Jean-Jacques Rousseau (il parlera de lacets) lors de son s\u00e9jour (10 juillet 1762, 8 septembre 1765), cit\u00e9s dans les <em>Confessions<\/em>, Livre douzi\u00e8me (septembre 1762)&nbsp;:<\/p>\n<p>\u00ab\u00a0Une entre autres appell\u00e9e Isabelle d\u2019Ivernois, fille du Procureur General de Neufch\u00e2tel me parut assez estimable pour me lier avec elle d\u2019une amiti\u00e9 particuli\u00e9re, dont elle ne s\u2019est pas mal trouv\u00e9e, par les conseils utiles que je lui ai donn\u00e9s, et par les soins que je lui ai rendus dans des occasions essencielles, de sorte que maintenant, digne et vertueuse mere de famille, elle me doit peut-\u00eatre sa raison, son mari, sa vie et son bonheur. De mon c\u00f4t\u00e9 je lui dois des consolations tr\u00e8s douces, et surtout durant un bien triste hiver o\u00f9 dans le fort de mes maux et de mes peines elle venoit passer avec Therese et moi de longues soir\u00e9es qu\u2019elle savoit nous rendre bien courtes par l\u2019agr\u00e9ment de son esprit et par les mutuels \u00e9panchemens de nos c\u0153urs. Elle m\u2019appelloit son papa, je l\u2019appellois ma fille, et ces noms que nous nous donnons encore ne cesseront point, je l\u2019espere de lui \u00eatre aussi chers qu\u2019\u00e0 moi. Pour rendre mes lacets bons \u00e0 quelque chose j\u2019en faisois pr\u00e9sent \u00e0 mes jeunes amies \u00e0 leur mariage \u00e0 condition qu\u2019elles nourriroient leurs enfans [\u2026]. \u00bb<\/p>\n<p><a href=\"https:\/\/jlggb.net\/blog2\/wp-content\/uploads\/2011\/07\/flora-ivernois.jpg\" data-rel=\"lightbox-image-2\" data-imagelightbox=\"2\" data-rl_title=\"\" data-rl_caption=\"\"><img loading=\"lazy\" decoding=\"async\" class=\"alignnone size-full wp-image-6225\" title=\"\" src=\"https:\/\/jlggb.net\/blog2\/wp-content\/uploads\/2011\/07\/flora-ivernois.jpg\" alt=\"\" width=\"320\" height=\"240\" srcset=\"https:\/\/jlggb.net\/blog2\/wp-content\/uploads\/2011\/07\/flora-ivernois.jpg 640w, https:\/\/jlggb.net\/blog2\/wp-content\/uploads\/2011\/07\/flora-ivernois-300x225.jpg 300w, https:\/\/jlggb.net\/blog2\/wp-content\/uploads\/2011\/07\/flora-ivernois-150x112.jpg 150w\" sizes=\"auto, (max-width: 320px) 100vw, 320px\" \/><\/a><br \/>\n\u00ab\u00a0Mademoiselle d&rsquo;Ivernois, M\u00f4tiers, 1763, le lacet\u00a0\u00bb. Copie d&rsquo;\u00e9cran de notre CD-ROM <em>Flora Petrinsularis<\/em>, 1993-1994, publi\u00e9 dans <em>Artintact 1<\/em>, ZKM\/Cantz, 1994.<\/p><\/blockquote>\n","protected":false},"excerpt":{"rendered":"<p>Jeudi 14 juillet 2011, 10h30, M\u00f4tiers, Val-de-Travers, Suisse. Pour m\u00e9moire, la maison (mus\u00e9e) Rousseau que nous avons visit\u00e9e d\u00e8s 1992. En 1998, le conservateur, Monsieur Fran\u00e7ois Matthey, nous autorisa \u00e0 filmer, et donc \u00e0 toucher, les rubans tiss\u00e9s par Jean-Jacques Rousseau (il parlera de lacets) lors de son s\u00e9jour (10 juillet 1762, 8 septembre 1765), &hellip; <a href=\"https:\/\/jlggb.net\/blog2\/?p=6221\" class=\"more-link\">Continuer la lecture de <span class=\"screen-reader-text\">Rousseau pour m\u00e9moire<\/span><\/a><\/p>\n","protected":false},"author":2,"featured_media":0,"comment_status":"closed","ping_status":"closed","sticky":false,"template":"","format":"standard","meta":{"footnotes":""},"categories":[201,57,11,7,74],"tags":[254,761,760],"class_list":["post-6221","post","type-post","status-publish","format-standard","hentry","category-collection","category-histoire","category-livre","category-moment","category-monument","tag-jean-jacques-rousseau","tag-lacet","tag-motiers"],"_links":{"self":[{"href":"https:\/\/jlggb.net\/blog2\/index.php?rest_route=\/wp\/v2\/posts\/6221","targetHints":{"allow":["GET"]}}],"collection":[{"href":"https:\/\/jlggb.net\/blog2\/index.php?rest_route=\/wp\/v2\/posts"}],"about":[{"href":"https:\/\/jlggb.net\/blog2\/index.php?rest_route=\/wp\/v2\/types\/post"}],"author":[{"embeddable":true,"href":"https:\/\/jlggb.net\/blog2\/index.php?rest_route=\/wp\/v2\/users\/2"}],"replies":[{"embeddable":true,"href":"https:\/\/jlggb.net\/blog2\/index.php?rest_route=%2Fwp%2Fv2%2Fcomments&post=6221"}],"version-history":[{"count":1,"href":"https:\/\/jlggb.net\/blog2\/index.php?rest_route=\/wp\/v2\/posts\/6221\/revisions"}],"predecessor-version":[{"id":8423,"href":"https:\/\/jlggb.net\/blog2\/index.php?rest_route=\/wp\/v2\/posts\/6221\/revisions\/8423"}],"wp:attachment":[{"href":"https:\/\/jlggb.net\/blog2\/index.php?rest_route=%2Fwp%2Fv2%2Fmedia&parent=6221"}],"wp:term":[{"taxonomy":"category","embeddable":true,"href":"https:\/\/jlggb.net\/blog2\/index.php?rest_route=%2Fwp%2Fv2%2Fcategories&post=6221"},{"taxonomy":"post_tag","embeddable":true,"href":"https:\/\/jlggb.net\/blog2\/index.php?rest_route=%2Fwp%2Fv2%2Ftags&post=6221"}],"curies":[{"name":"wp","href":"https:\/\/api.w.org\/{rel}","templated":true}]}}