{"id":6020,"date":"2011-06-26T13:30:17","date_gmt":"2011-06-26T11:30:17","guid":{"rendered":"http:\/\/jlggb.net\/blog2\/?p=6020"},"modified":"2011-06-29T23:45:20","modified_gmt":"2011-06-29T21:45:20","slug":"occupation-34-le-visage-est-un-signe","status":"publish","type":"post","link":"https:\/\/jlggb.net\/blog2\/?p=6020","title":{"rendered":"Occupation (34 : le signe est un visage)"},"content":{"rendered":"<p><a href=\"https:\/\/jlggb.net\/blog2\/wp-content\/uploads\/2011\/06\/bal-kyoto.jpg\" data-rel=\"lightbox-image-0\" data-imagelightbox=\"0\" data-rl_title=\"\" data-rl_caption=\"\"><img loading=\"lazy\" decoding=\"async\" class=\"alignnone size-full wp-image-6021\" title=\"\" src=\"https:\/\/jlggb.net\/blog2\/wp-content\/uploads\/2011\/06\/bal-kyoto.jpg\" alt=\"\" width=\"640\" height=\"480\" srcset=\"https:\/\/jlggb.net\/blog2\/wp-content\/uploads\/2011\/06\/bal-kyoto.jpg 1280w, https:\/\/jlggb.net\/blog2\/wp-content\/uploads\/2011\/06\/bal-kyoto-300x225.jpg 300w, https:\/\/jlggb.net\/blog2\/wp-content\/uploads\/2011\/06\/bal-kyoto-1024x768.jpg 1024w, https:\/\/jlggb.net\/blog2\/wp-content\/uploads\/2011\/06\/bal-kyoto-150x112.jpg 150w\" sizes=\"auto, (max-width: 640px) 100vw, 640px\" \/><\/a><br \/>\n<a href=\"https:\/\/jlggb.net\/blog2\/wp-content\/uploads\/2011\/06\/gateau-barthes.jpg\" data-rel=\"lightbox-image-1\" data-imagelightbox=\"1\" data-rl_title=\"\" data-rl_caption=\"\"><img loading=\"lazy\" decoding=\"async\" class=\"alignnone size-full wp-image-6022\" title=\"\" src=\"https:\/\/jlggb.net\/blog2\/wp-content\/uploads\/2011\/06\/gateau-barthes.jpg\" alt=\"\" width=\"640\" height=\"480\" srcset=\"https:\/\/jlggb.net\/blog2\/wp-content\/uploads\/2011\/06\/gateau-barthes.jpg 1280w, https:\/\/jlggb.net\/blog2\/wp-content\/uploads\/2011\/06\/gateau-barthes-300x225.jpg 300w, https:\/\/jlggb.net\/blog2\/wp-content\/uploads\/2011\/06\/gateau-barthes-1024x768.jpg 1024w, https:\/\/jlggb.net\/blog2\/wp-content\/uploads\/2011\/06\/gateau-barthes-150x112.jpg 150w\" sizes=\"auto, (max-width: 640px) 100vw, 640px\" \/><\/a><br \/>\nDimanche 26 juin 2011, 13h30, Kyoto, cinqui\u00e8me \u00e9tage du magasin Bal (Muji et 3 \u00e9tages de librairie) o\u00f9 se trouve un tr\u00e8s agr\u00e9able caf\u00e9 de style occidental et par lequel je commence rituellement ce nouveau s\u00e9jour&nbsp;: on y mange des plats l\u00e9gers et des desserts, on y boit du caf\u00e9 et du vin, on y lit des magazines. Et aujourd&rsquo;hui celui-ci dont la couverture reproduit une tr\u00e8s c\u00e9l\u00e8bre statue bouddhique conserv\u00e9e au Mus\u00e9e national de Kyoto, que cite Roland Barthes dans l&rsquo;<em>Empire des signes<\/em>, avec cet aphorisme d\u00e9finitif&nbsp;: \u00ab Le signe est une fracture qui ne s&rsquo;ouvre jamais que sur le visage d&rsquo;un autre signe. \u00bb<br \/>\nQuant aux deux petites filles, l&rsquo;une en kimono, l&rsquo;autre en costume d&rsquo;\u00e9coli\u00e8re, elles sont avec leurs parents, dont on n&rsquo;arrive pas \u00e0 voir s&rsquo;ils sont habill\u00e9s traditionnellement parce qu&rsquo;ils viennent de la campagne ou parce qu&rsquo;ils sont branch\u00e9s. En tout cas, c&rsquo;est dimanche.<\/p>\n","protected":false},"excerpt":{"rendered":"<p>Dimanche 26 juin 2011, 13h30, Kyoto, cinqui\u00e8me \u00e9tage du magasin Bal (Muji et 3 \u00e9tages de librairie) o\u00f9 se trouve un tr\u00e8s agr\u00e9able caf\u00e9 de style occidental et par lequel je commence rituellement ce nouveau s\u00e9jour&nbsp;: on y mange des plats l\u00e9gers et des desserts, on y boit du caf\u00e9 et du vin, on y &hellip; <a href=\"https:\/\/jlggb.net\/blog2\/?p=6020\" class=\"more-link\">Continuer la lecture de <span class=\"screen-reader-text\">Occupation (34 : le signe est un visage)<\/span><\/a><\/p>\n","protected":false},"author":2,"featured_media":0,"comment_status":"closed","ping_status":"closed","sticky":false,"template":"","format":"standard","meta":{"footnotes":""},"categories":[35,74,192,30],"tags":[536,113,563,737,738],"class_list":["post-6020","post","type-post","status-publish","format-standard","hentry","category-langage","category-monument","category-occupe","category-personne","tag-barthes","tag-japon","tag-kyoto","tag-signe","tag-visage"],"_links":{"self":[{"href":"https:\/\/jlggb.net\/blog2\/index.php?rest_route=\/wp\/v2\/posts\/6020","targetHints":{"allow":["GET"]}}],"collection":[{"href":"https:\/\/jlggb.net\/blog2\/index.php?rest_route=\/wp\/v2\/posts"}],"about":[{"href":"https:\/\/jlggb.net\/blog2\/index.php?rest_route=\/wp\/v2\/types\/post"}],"author":[{"embeddable":true,"href":"https:\/\/jlggb.net\/blog2\/index.php?rest_route=\/wp\/v2\/users\/2"}],"replies":[{"embeddable":true,"href":"https:\/\/jlggb.net\/blog2\/index.php?rest_route=%2Fwp%2Fv2%2Fcomments&post=6020"}],"version-history":[{"count":0,"href":"https:\/\/jlggb.net\/blog2\/index.php?rest_route=\/wp\/v2\/posts\/6020\/revisions"}],"wp:attachment":[{"href":"https:\/\/jlggb.net\/blog2\/index.php?rest_route=%2Fwp%2Fv2%2Fmedia&parent=6020"}],"wp:term":[{"taxonomy":"category","embeddable":true,"href":"https:\/\/jlggb.net\/blog2\/index.php?rest_route=%2Fwp%2Fv2%2Fcategories&post=6020"},{"taxonomy":"post_tag","embeddable":true,"href":"https:\/\/jlggb.net\/blog2\/index.php?rest_route=%2Fwp%2Fv2%2Ftags&post=6020"}],"curies":[{"name":"wp","href":"https:\/\/api.w.org\/{rel}","templated":true}]}}