{"id":5921,"date":"2011-06-18T16:00:12","date_gmt":"2011-06-18T14:00:12","guid":{"rendered":"http:\/\/jlggb.net\/blog2\/?p=5921"},"modified":"2024-10-14T22:22:38","modified_gmt":"2024-10-14T21:22:38","slug":"ou-est-ai-weiwei","status":"publish","type":"post","link":"https:\/\/jlggb.net\/blog2\/?p=5921","title":{"rendered":"O\u00f9 est Ai Weiwei ?"},"content":{"rendered":"<p><a href=\"https:\/\/jlggb.net\/blog2\/wp-content\/uploads\/2011\/06\/ou-est-ai-weiwei-blog.jpg\" data-rel=\"lightbox-image-0\" data-imagelightbox=\"0\" data-rl_title=\"\" data-rl_caption=\"\"><img loading=\"lazy\" decoding=\"async\" class=\"alignnone size-full wp-image-5922\" title=\"\" src=\"https:\/\/jlggb.net\/blog2\/wp-content\/uploads\/2011\/06\/ou-est-ai-weiwei-blog.jpg\" alt=\"\" width=\"640\" height=\"480\" srcset=\"https:\/\/jlggb.net\/blog2\/wp-content\/uploads\/2011\/06\/ou-est-ai-weiwei-blog.jpg 1280w, https:\/\/jlggb.net\/blog2\/wp-content\/uploads\/2011\/06\/ou-est-ai-weiwei-blog-300x225.jpg 300w, https:\/\/jlggb.net\/blog2\/wp-content\/uploads\/2011\/06\/ou-est-ai-weiwei-blog-1024x768.jpg 1024w, https:\/\/jlggb.net\/blog2\/wp-content\/uploads\/2011\/06\/ou-est-ai-weiwei-blog-150x112.jpg 150w\" sizes=\"auto, (max-width: 640px) 100vw, 640px\" \/><\/a><br \/>\n<a href=\"https:\/\/jlggb.net\/blog2\/wp-content\/uploads\/2011\/06\/ou-est-ai-weiwei-sol-blog.jpg\" data-rel=\"lightbox-image-1\" data-imagelightbox=\"1\" data-rl_title=\"\" data-rl_caption=\"\"><img loading=\"lazy\" decoding=\"async\" class=\"alignnone size-full wp-image-5923\" title=\"\" src=\"https:\/\/jlggb.net\/blog2\/wp-content\/uploads\/2011\/06\/ou-est-ai-weiwei-sol-blog.jpg\" alt=\"\" width=\"640\" height=\"480\" srcset=\"https:\/\/jlggb.net\/blog2\/wp-content\/uploads\/2011\/06\/ou-est-ai-weiwei-sol-blog.jpg 1280w, https:\/\/jlggb.net\/blog2\/wp-content\/uploads\/2011\/06\/ou-est-ai-weiwei-sol-blog-300x225.jpg 300w, https:\/\/jlggb.net\/blog2\/wp-content\/uploads\/2011\/06\/ou-est-ai-weiwei-sol-blog-1024x768.jpg 1024w, https:\/\/jlggb.net\/blog2\/wp-content\/uploads\/2011\/06\/ou-est-ai-weiwei-sol-blog-150x112.jpg 150w\" sizes=\"auto, (max-width: 640px) 100vw, 640px\" \/><\/a><br \/>\nSamedi 18 juin 2011, 15h32, des centaines de papillons ont \u00e9t\u00e9 lanc\u00e9s \u00e0 l&rsquo;int\u00e9rieur de la sculpture d&rsquo;Anish Kapoor au Grand Palais, pleine de monde. Sur l&rsquo;\u0153uvre, voir&nbsp;: <a href=\"https:\/\/jlggb.net\/blog2\/?p=5332\">https:\/\/jlggb.net\/blog2\/?p=5332<\/a><\/p>\n<p>Le gouvernement fran\u00e7ais, comme l\u2019Union europ\u00e9enne, comme la plupart des directeurs des grands mus\u00e9es internationaux, ont d\u00e9nonc\u00e9 l\u2019arrestation arbitraire de Ai Weiwei le 4 avril 2011. Anish Kapoor lui a d\u00e9di\u00e9 <em>Leviatan<\/em> son \u0153uvre monumentale au Grand Palais, demandant une protestation radicale&nbsp;: <a href=\"http:\/\/next.liberation.fr\/culture\/01012336615-il-faut-une-greve-des-musees-pour-ai-weiwei\" target=\"_blank\" rel=\"noopener\">http:\/\/next.liberation.fr\/culture\/01012336615-il-faut-une-greve-des-musees-pour-ai-weiwei<\/a>. Cependant, on ne trouve aucune mention de cette d\u00e9dicace au Grand Palais. Si l\u2019on pose la question aux m\u00e9diateurs, ils disent&nbsp;: \u00ab On a d\u00e9j\u00e0 eu des annulations de Chinois\u2026 \u00bb et \u00ab Le Ministre n\u2019a pas souhait\u00e9\u2026 \u00bb. On est en droit de poser la question, au sein m\u00eame de l\u2019\u0153uvre de Anish Kapoor&nbsp;: \u827e\u672a\u672a\u5728\u54ea\u91cc\uff1fO\u00f9 est Ai Weiwei&nbsp;? O\u00f9 est-il retenu&nbsp;? O\u00f9 est son nom au Grand Palais&nbsp;?<\/p>\n<p>Actualit\u00e9&nbsp;: Le 14 juin, Anish Kapoor a annonc\u00e9 sa d\u00e9cision d&rsquo;annuler une exposition de ses \u0153uvres programm\u00e9e en 2012 au Mus\u00e9e national de Chine \u00e0 P\u00e9kin, pour protester contre la d\u00e9tention de l&rsquo;artiste Ai Weiwei par les autorit\u00e9s chinoises. Le 17 juin, Daniel Buren a annul\u00e9 \u00e0 son tour une exposition personnelle \u00ab par solidarit\u00e9 \u00bb avec Ai Weiwei. Il devait exposer \u00e0 l&rsquo;UCCA (Ullens Center for Contemporary Art) de P\u00e9kin \u00e0 partir du 15 juillet.<br \/>\n<a href=\"https:\/\/jlggb.net\/blog2\/wp-content\/uploads\/2011\/06\/aiweiwei-study-of-perspective-tiananmen-1997.jpg\" data-rel=\"lightbox-image-2\" data-imagelightbox=\"2\" data-rl_title=\"\" data-rl_caption=\"\"><img loading=\"lazy\" decoding=\"async\" class=\"alignnone size-full wp-image-5927\" title=\"\" src=\"https:\/\/jlggb.net\/blog2\/wp-content\/uploads\/2011\/06\/aiweiwei-study-of-perspective-tiananmen-1997.jpg\" alt=\"\" width=\"320\" height=\"215\" srcset=\"https:\/\/jlggb.net\/blog2\/wp-content\/uploads\/2011\/06\/aiweiwei-study-of-perspective-tiananmen-1997.jpg 560w, https:\/\/jlggb.net\/blog2\/wp-content\/uploads\/2011\/06\/aiweiwei-study-of-perspective-tiananmen-1997-150x100.jpg 150w\" sizes=\"auto, (max-width: 320px) 100vw, 320px\" \/><\/a><br \/>\nAi Weiwei, <em>Study in Perspective<\/em> (Place Tiananmen), 1995-2003. (dr)<\/p>\n","protected":false},"excerpt":{"rendered":"<p>Samedi 18 juin 2011, 15h32, des centaines de papillons ont \u00e9t\u00e9 lanc\u00e9s \u00e0 l&rsquo;int\u00e9rieur de la sculpture d&rsquo;Anish Kapoor au Grand Palais, pleine de monde. Sur l&rsquo;\u0153uvre, voir&nbsp;: https:\/\/jlggb.net\/blog2\/?p=5332 Le gouvernement fran\u00e7ais, comme l\u2019Union europ\u00e9enne, comme la plupart des directeurs des grands mus\u00e9es internationaux, ont d\u00e9nonc\u00e9 l\u2019arrestation arbitraire de Ai Weiwei le 4 avril 2011. &hellip; <a href=\"https:\/\/jlggb.net\/blog2\/?p=5921\" class=\"more-link\">Continuer la lecture de <span class=\"screen-reader-text\">O\u00f9 est Ai Weiwei ?<\/span><\/a><\/p>\n","protected":false},"author":2,"featured_media":0,"comment_status":"closed","ping_status":"closed","sticky":false,"template":"","format":"standard","meta":{"footnotes":""},"categories":[31,95,10],"tags":[625,683,241,905],"class_list":["post-5921","post","type-post","status-publish","format-standard","hentry","category-coincidence","category-exposition","category-typographie","tag-ai-weiwei","tag-anish-kapoor","tag-daniel-buren","tag-905"],"_links":{"self":[{"href":"https:\/\/jlggb.net\/blog2\/index.php?rest_route=\/wp\/v2\/posts\/5921","targetHints":{"allow":["GET"]}}],"collection":[{"href":"https:\/\/jlggb.net\/blog2\/index.php?rest_route=\/wp\/v2\/posts"}],"about":[{"href":"https:\/\/jlggb.net\/blog2\/index.php?rest_route=\/wp\/v2\/types\/post"}],"author":[{"embeddable":true,"href":"https:\/\/jlggb.net\/blog2\/index.php?rest_route=\/wp\/v2\/users\/2"}],"replies":[{"embeddable":true,"href":"https:\/\/jlggb.net\/blog2\/index.php?rest_route=%2Fwp%2Fv2%2Fcomments&post=5921"}],"version-history":[{"count":1,"href":"https:\/\/jlggb.net\/blog2\/index.php?rest_route=\/wp\/v2\/posts\/5921\/revisions"}],"predecessor-version":[{"id":8433,"href":"https:\/\/jlggb.net\/blog2\/index.php?rest_route=\/wp\/v2\/posts\/5921\/revisions\/8433"}],"wp:attachment":[{"href":"https:\/\/jlggb.net\/blog2\/index.php?rest_route=%2Fwp%2Fv2%2Fmedia&parent=5921"}],"wp:term":[{"taxonomy":"category","embeddable":true,"href":"https:\/\/jlggb.net\/blog2\/index.php?rest_route=%2Fwp%2Fv2%2Fcategories&post=5921"},{"taxonomy":"post_tag","embeddable":true,"href":"https:\/\/jlggb.net\/blog2\/index.php?rest_route=%2Fwp%2Fv2%2Ftags&post=5921"}],"curies":[{"name":"wp","href":"https:\/\/api.w.org\/{rel}","templated":true}]}}