{"id":5917,"date":"2011-06-17T12:10:50","date_gmt":"2011-06-17T10:10:50","guid":{"rendered":"http:\/\/jlggb.net\/blog2\/?p=5917"},"modified":"2021-03-01T12:17:16","modified_gmt":"2021-03-01T11:17:16","slug":"des-archives-vestiges-et-installations","status":"publish","type":"post","link":"https:\/\/jlggb.net\/blog2\/?p=5917","title":{"rendered":"Des archives : Vestiges et installations"},"content":{"rendered":"<p><a href=\"https:\/\/jlggb.net\/blog2\/wp-content\/uploads\/2011\/06\/beijing-couverture-1985.jpg\" data-rel=\"lightbox-image-0\" data-imagelightbox=\"0\" data-rl_title=\"\" data-rl_caption=\"\"><img loading=\"lazy\" decoding=\"async\" class=\"alignnone size-full wp-image-5918\" title=\"\" src=\"https:\/\/jlggb.net\/blog2\/wp-content\/uploads\/2011\/06\/beijing-couverture-1985.jpg\" alt=\"\" width=\"640\" height=\"640\" \/><\/a><br \/>\nVendredi 17 juin 2011. Le billet pr\u00e9c\u00e9dent me fait ressortir une photographie qui a \u00e9t\u00e9 utilis\u00e9e sur le carton d&rsquo;invitation de mon exposition de septembre 1989 au Mus\u00e9e de L&rsquo;\u00c9lys\u00e9e \u00e0 Lausanne. \u00ab Vestiges et installations \u00bb consistait en un ensemble de photographies carr\u00e9es \u2014 prises avec un Rolleiflex \u2014, en couleurs ou en noir et blanc, tir\u00e9es dans le format 40&#215;40 cm, faites \u00e0 P\u00e9kin au cours du mois de septembre 1985, parall\u00e8lement \u00e0 la s\u00e9rie des 1000 diapositives du vid\u00e9odisque <em>P\u00e9kin pour m\u00e9moire<\/em>. Elles se rattachent \u00e0 la sous-partie de ces trajets photographiques motiv\u00e9e par le pittoresque d&rsquo;\u00ab installations spontan\u00e9es \u00bb, mais se r\u00e9f\u00e8rent aussi aux photographies anciennes de P\u00e9kin que l&rsquo;on pouvait conna\u00eetre par des livres. Cette couverture blanche au soleil se situait au sud du quartier Dongdan, non loin de la gare centrale.<\/p>\n","protected":false},"excerpt":{"rendered":"<p>Vendredi 17 juin 2011. Le billet pr\u00e9c\u00e9dent me fait ressortir une photographie qui a \u00e9t\u00e9 utilis\u00e9e sur le carton d&rsquo;invitation de mon exposition de septembre 1989 au Mus\u00e9e de L&rsquo;\u00c9lys\u00e9e \u00e0 Lausanne. \u00ab Vestiges et installations \u00bb consistait en un ensemble de photographies carr\u00e9es \u2014 prises avec un Rolleiflex \u2014, en couleurs ou en noir &hellip; <a href=\"https:\/\/jlggb.net\/blog2\/?p=5917\" class=\"more-link\">Continuer la lecture de <span class=\"screen-reader-text\">Des archives : Vestiges et installations<\/span><\/a><\/p>\n","protected":false},"author":2,"featured_media":0,"comment_status":"closed","ping_status":"closed","sticky":false,"template":"","format":"standard","meta":{"footnotes":""},"categories":[626,112],"tags":[638,463],"class_list":["post-5917","post","type-post","status-publish","format-standard","hentry","category-des-archives","category-photographie","tag-beijing","tag-blanc"],"_links":{"self":[{"href":"https:\/\/jlggb.net\/blog2\/index.php?rest_route=\/wp\/v2\/posts\/5917","targetHints":{"allow":["GET"]}}],"collection":[{"href":"https:\/\/jlggb.net\/blog2\/index.php?rest_route=\/wp\/v2\/posts"}],"about":[{"href":"https:\/\/jlggb.net\/blog2\/index.php?rest_route=\/wp\/v2\/types\/post"}],"author":[{"embeddable":true,"href":"https:\/\/jlggb.net\/blog2\/index.php?rest_route=\/wp\/v2\/users\/2"}],"replies":[{"embeddable":true,"href":"https:\/\/jlggb.net\/blog2\/index.php?rest_route=%2Fwp%2Fv2%2Fcomments&post=5917"}],"version-history":[{"count":1,"href":"https:\/\/jlggb.net\/blog2\/index.php?rest_route=\/wp\/v2\/posts\/5917\/revisions"}],"predecessor-version":[{"id":8357,"href":"https:\/\/jlggb.net\/blog2\/index.php?rest_route=\/wp\/v2\/posts\/5917\/revisions\/8357"}],"wp:attachment":[{"href":"https:\/\/jlggb.net\/blog2\/index.php?rest_route=%2Fwp%2Fv2%2Fmedia&parent=5917"}],"wp:term":[{"taxonomy":"category","embeddable":true,"href":"https:\/\/jlggb.net\/blog2\/index.php?rest_route=%2Fwp%2Fv2%2Fcategories&post=5917"},{"taxonomy":"post_tag","embeddable":true,"href":"https:\/\/jlggb.net\/blog2\/index.php?rest_route=%2Fwp%2Fv2%2Ftags&post=5917"}],"curies":[{"name":"wp","href":"https:\/\/api.w.org\/{rel}","templated":true}]}}