{"id":5882,"date":"2011-06-16T20:00:41","date_gmt":"2011-06-16T18:00:41","guid":{"rendered":"http:\/\/jlggb.net\/blog2\/?p=5882"},"modified":"2011-09-01T01:07:41","modified_gmt":"2011-08-31T23:07:41","slug":"la-couleur-jaune","status":"publish","type":"post","link":"https:\/\/jlggb.net\/blog2\/?p=5882","title":{"rendered":"La couleur de l&rsquo;entresol"},"content":{"rendered":"<p><a href=\"https:\/\/jlggb.net\/blog2\/wp-content\/uploads\/2011\/06\/place-c-geneve.jpg\" data-rel=\"lightbox-image-0\" data-imagelightbox=\"0\" data-rl_title=\"\" data-rl_caption=\"\"><img loading=\"lazy\" decoding=\"async\" class=\"alignnone size-full wp-image-5883\" title=\"\" src=\"https:\/\/jlggb.net\/blog2\/wp-content\/uploads\/2011\/06\/place-c-geneve.jpg\" alt=\"\" width=\"640\" height=\"480\" srcset=\"https:\/\/jlggb.net\/blog2\/wp-content\/uploads\/2011\/06\/place-c-geneve.jpg 1280w, https:\/\/jlggb.net\/blog2\/wp-content\/uploads\/2011\/06\/place-c-geneve-300x225.jpg 300w, https:\/\/jlggb.net\/blog2\/wp-content\/uploads\/2011\/06\/place-c-geneve-1024x768.jpg 1024w, https:\/\/jlggb.net\/blog2\/wp-content\/uploads\/2011\/06\/place-c-geneve-150x112.jpg 150w\" sizes=\"auto, (max-width: 640px) 100vw, 640px\" \/><\/a><br \/>\nJeudi 16 juin 2011, 12h40. Gen\u00e8ve. Visite \u00e0 Pierre L. dans son studio \u2014 emplacement enviable \u00e0 l&rsquo;entresol d&rsquo;un bel immeuble moderne rue Cornavin \u2014, o\u00f9 il sera question du journal, dont le premier num\u00e9ro va para\u00eetre le 1er septembre 2011&nbsp;: <em>La Couleur des jours<\/em>.<a href=\"https:\/\/jlggb.net\/blog2\/wp-pdf\/Cdj-dossier.pdf\" target=\"_blank\"><br \/>\nhttps:\/\/jlggb.net\/blog2\/wp-pdf\/Cdj-dossier.pdf<\/a><br \/>\nSite du journal&nbsp;: <a href=\"http:\/\/www.lacouleurdesjours.ch\/\">http:\/\/www.lacouleurdesjours.ch\/<\/a><\/p>\n","protected":false},"excerpt":{"rendered":"<p>Jeudi 16 juin 2011, 12h40. Gen\u00e8ve. Visite \u00e0 Pierre L. dans son studio \u2014 emplacement enviable \u00e0 l&rsquo;entresol d&rsquo;un bel immeuble moderne rue Cornavin \u2014, o\u00f9 il sera question du journal, dont le premier num\u00e9ro va para\u00eetre le 1er septembre 2011&nbsp;: La Couleur des jours. https:\/\/jlggb.net\/blog2\/wp-pdf\/Cdj-dossier.pdf Site du journal&nbsp;: http:\/\/www.lacouleurdesjours.ch\/<\/p>\n","protected":false},"author":2,"featured_media":0,"comment_status":"closed","ping_status":"closed","sticky":false,"template":"","format":"standard","meta":{"footnotes":""},"categories":[166,144,35,10],"tags":[77,726,746],"class_list":["post-5882","post","type-post","status-publish","format-standard","hentry","category-couleur","category-escalier","category-langage","category-typographie","tag-geneve","tag-jaune","tag-journal"],"_links":{"self":[{"href":"https:\/\/jlggb.net\/blog2\/index.php?rest_route=\/wp\/v2\/posts\/5882","targetHints":{"allow":["GET"]}}],"collection":[{"href":"https:\/\/jlggb.net\/blog2\/index.php?rest_route=\/wp\/v2\/posts"}],"about":[{"href":"https:\/\/jlggb.net\/blog2\/index.php?rest_route=\/wp\/v2\/types\/post"}],"author":[{"embeddable":true,"href":"https:\/\/jlggb.net\/blog2\/index.php?rest_route=\/wp\/v2\/users\/2"}],"replies":[{"embeddable":true,"href":"https:\/\/jlggb.net\/blog2\/index.php?rest_route=%2Fwp%2Fv2%2Fcomments&post=5882"}],"version-history":[{"count":0,"href":"https:\/\/jlggb.net\/blog2\/index.php?rest_route=\/wp\/v2\/posts\/5882\/revisions"}],"wp:attachment":[{"href":"https:\/\/jlggb.net\/blog2\/index.php?rest_route=%2Fwp%2Fv2%2Fmedia&parent=5882"}],"wp:term":[{"taxonomy":"category","embeddable":true,"href":"https:\/\/jlggb.net\/blog2\/index.php?rest_route=%2Fwp%2Fv2%2Fcategories&post=5882"},{"taxonomy":"post_tag","embeddable":true,"href":"https:\/\/jlggb.net\/blog2\/index.php?rest_route=%2Fwp%2Fv2%2Ftags&post=5882"}],"curies":[{"name":"wp","href":"https:\/\/api.w.org\/{rel}","templated":true}]}}