{"id":5840,"date":"2011-06-14T13:00:41","date_gmt":"2011-06-14T11:00:41","guid":{"rendered":"http:\/\/jlggb.net\/blog2\/?p=5840"},"modified":"2020-05-02T21:25:18","modified_gmt":"2020-05-02T20:25:18","slug":"bilans","status":"publish","type":"post","link":"https:\/\/jlggb.net\/blog2\/?p=5840","title":{"rendered":"Bilans"},"content":{"rendered":"<p><a href=\"https:\/\/jlggb.net\/blog2\/wp-content\/uploads\/2011\/06\/orientation.jpg\" data-rel=\"lightbox-image-0\" data-imagelightbox=\"0\" data-rl_title=\"\" data-rl_caption=\"\"><img loading=\"lazy\" decoding=\"async\" class=\"alignnone size-full wp-image-5841\" title=\"\" src=\"https:\/\/jlggb.net\/blog2\/wp-content\/uploads\/2011\/06\/orientation.jpg\" alt=\"\" width=\"640\" height=\"480\" srcset=\"https:\/\/jlggb.net\/blog2\/wp-content\/uploads\/2011\/06\/orientation.jpg 1280w, https:\/\/jlggb.net\/blog2\/wp-content\/uploads\/2011\/06\/orientation-300x225.jpg 300w, https:\/\/jlggb.net\/blog2\/wp-content\/uploads\/2011\/06\/orientation-1024x768.jpg 1024w, https:\/\/jlggb.net\/blog2\/wp-content\/uploads\/2011\/06\/orientation-150x112.jpg 150w\" sizes=\"auto, (max-width: 640px) 100vw, 640px\" \/><\/a><br \/>\nMardi 14 juin 2011, 13h, Universit\u00e9 Paris 8, Saint-Denis, UFR d&rsquo;Arts. Vue en passant dans les couloirs du b\u00e2timent A, au rez-de-chauss\u00e9e. La salle n&rsquo;a pas de fen\u00eatres. S&rsquo;y tiennent aujourd&rsquo;hui des bilans, avec des \u00e9tudiants et des moniteurs.<\/p>\n<p style=\"text-align: center;\"><a href=\"https:\/\/jlggb.net\/blog2\/wp-content\/uploads\/2011\/06\/d\u00e9tail.jpg\" data-rel=\"lightbox-image-1\" data-imagelightbox=\"1\" data-rl_title=\"\" data-rl_caption=\"\"><img loading=\"lazy\" decoding=\"async\" class=\"aligncenter size-full wp-image-5843\" title=\"\" src=\"https:\/\/jlggb.net\/blog2\/wp-content\/uploads\/2011\/06\/d\u00e9tail.jpg\" alt=\"\" width=\"360\" height=\"360\" \/><\/a>D\u00e9tail.<\/p>\n","protected":false},"excerpt":{"rendered":"<p>Mardi 14 juin 2011, 13h, Universit\u00e9 Paris 8, Saint-Denis, UFR d&rsquo;Arts. Vue en passant dans les couloirs du b\u00e2timent A, au rez-de-chauss\u00e9e. La salle n&rsquo;a pas de fen\u00eatres. S&rsquo;y tiennent aujourd&rsquo;hui des bilans, avec des \u00e9tudiants et des moniteurs. D\u00e9tail.<\/p>\n","protected":false},"author":2,"featured_media":0,"comment_status":"closed","ping_status":"closed","sticky":false,"template":"","format":"standard","meta":{"footnotes":""},"categories":[7,17],"tags":[],"class_list":["post-5840","post","type-post","status-publish","format-standard","hentry","category-moment","category-observation"],"_links":{"self":[{"href":"https:\/\/jlggb.net\/blog2\/index.php?rest_route=\/wp\/v2\/posts\/5840","targetHints":{"allow":["GET"]}}],"collection":[{"href":"https:\/\/jlggb.net\/blog2\/index.php?rest_route=\/wp\/v2\/posts"}],"about":[{"href":"https:\/\/jlggb.net\/blog2\/index.php?rest_route=\/wp\/v2\/types\/post"}],"author":[{"embeddable":true,"href":"https:\/\/jlggb.net\/blog2\/index.php?rest_route=\/wp\/v2\/users\/2"}],"replies":[{"embeddable":true,"href":"https:\/\/jlggb.net\/blog2\/index.php?rest_route=%2Fwp%2Fv2%2Fcomments&post=5840"}],"version-history":[{"count":2,"href":"https:\/\/jlggb.net\/blog2\/index.php?rest_route=\/wp\/v2\/posts\/5840\/revisions"}],"predecessor-version":[{"id":8239,"href":"https:\/\/jlggb.net\/blog2\/index.php?rest_route=\/wp\/v2\/posts\/5840\/revisions\/8239"}],"wp:attachment":[{"href":"https:\/\/jlggb.net\/blog2\/index.php?rest_route=%2Fwp%2Fv2%2Fmedia&parent=5840"}],"wp:term":[{"taxonomy":"category","embeddable":true,"href":"https:\/\/jlggb.net\/blog2\/index.php?rest_route=%2Fwp%2Fv2%2Fcategories&post=5840"},{"taxonomy":"post_tag","embeddable":true,"href":"https:\/\/jlggb.net\/blog2\/index.php?rest_route=%2Fwp%2Fv2%2Ftags&post=5840"}],"curies":[{"name":"wp","href":"https:\/\/api.w.org\/{rel}","templated":true}]}}