{"id":5835,"date":"2011-06-13T23:00:25","date_gmt":"2011-06-13T21:00:25","guid":{"rendered":"http:\/\/jlggb.net\/blog2\/?p=5835"},"modified":"2011-06-14T00:59:28","modified_gmt":"2011-06-13T22:59:28","slug":"deraisonnable","status":"publish","type":"post","link":"https:\/\/jlggb.net\/blog2\/?p=5835","title":{"rendered":"D\u00e9raisonnable"},"content":{"rendered":"<p><a href=\"https:\/\/jlggb.net\/blog2\/wp-content\/uploads\/2011\/06\/temple.jpg\" data-rel=\"lightbox-image-0\" data-imagelightbox=\"0\" data-rl_title=\"\" data-rl_caption=\"\"><img loading=\"lazy\" decoding=\"async\" class=\"alignnone size-full wp-image-5836\" title=\"\" src=\"https:\/\/jlggb.net\/blog2\/wp-content\/uploads\/2011\/06\/temple.jpg\" alt=\"\" width=\"640\" height=\"480\" \/><\/a><br \/>\nLundi 14 juin 2011, 23h, H\u00f4pital Esquirol, Saint-Maurice&nbsp;: mission nocturne sous la pluie pour corriger un oubli. Le b\u00e2timent fut consid\u00e9r\u00e9 \u00e0 sa construction comme un \u00ab&nbsp;un temple de la raison&nbsp;\u00bb ou bien comme \u00ab&nbsp;une folie arch\u00e9ologique&nbsp;\u00bb. La chapelle n\u00e9o-classique est du m\u00eame architecte \u2014&nbsp;Jacques \u00c9mile Gilbert&nbsp;\u2014 que l&rsquo;ensemble de l&rsquo;h\u00f4pital, reconstruit en 1838.<\/p>\n","protected":false},"excerpt":{"rendered":"<p>Lundi 14 juin 2011, 23h, H\u00f4pital Esquirol, Saint-Maurice&nbsp;: mission nocturne sous la pluie pour corriger un oubli. Le b\u00e2timent fut consid\u00e9r\u00e9 \u00e0 sa construction comme un \u00ab&nbsp;un temple de la raison&nbsp;\u00bb ou bien comme \u00ab&nbsp;une folie arch\u00e9ologique&nbsp;\u00bb. La chapelle n\u00e9o-classique est du m\u00eame architecte \u2014&nbsp;Jacques \u00c9mile Gilbert&nbsp;\u2014 que l&rsquo;ensemble de l&rsquo;h\u00f4pital, reconstruit en 1838.<\/p>\n","protected":false},"author":2,"featured_media":0,"comment_status":"closed","ping_status":"closed","sticky":false,"template":"","format":"standard","meta":{"footnotes":""},"categories":[51,7,74],"tags":[314,721],"class_list":["post-5835","post","type-post","status-publish","format-standard","hentry","category-decor","category-moment","category-monument","tag-chapelle","tag-esquirol"],"_links":{"self":[{"href":"https:\/\/jlggb.net\/blog2\/index.php?rest_route=\/wp\/v2\/posts\/5835","targetHints":{"allow":["GET"]}}],"collection":[{"href":"https:\/\/jlggb.net\/blog2\/index.php?rest_route=\/wp\/v2\/posts"}],"about":[{"href":"https:\/\/jlggb.net\/blog2\/index.php?rest_route=\/wp\/v2\/types\/post"}],"author":[{"embeddable":true,"href":"https:\/\/jlggb.net\/blog2\/index.php?rest_route=\/wp\/v2\/users\/2"}],"replies":[{"embeddable":true,"href":"https:\/\/jlggb.net\/blog2\/index.php?rest_route=%2Fwp%2Fv2%2Fcomments&post=5835"}],"version-history":[{"count":0,"href":"https:\/\/jlggb.net\/blog2\/index.php?rest_route=\/wp\/v2\/posts\/5835\/revisions"}],"wp:attachment":[{"href":"https:\/\/jlggb.net\/blog2\/index.php?rest_route=%2Fwp%2Fv2%2Fmedia&parent=5835"}],"wp:term":[{"taxonomy":"category","embeddable":true,"href":"https:\/\/jlggb.net\/blog2\/index.php?rest_route=%2Fwp%2Fv2%2Fcategories&post=5835"},{"taxonomy":"post_tag","embeddable":true,"href":"https:\/\/jlggb.net\/blog2\/index.php?rest_route=%2Fwp%2Fv2%2Ftags&post=5835"}],"curies":[{"name":"wp","href":"https:\/\/api.w.org\/{rel}","templated":true}]}}