{"id":5395,"date":"2011-05-20T03:17:50","date_gmt":"2011-05-20T01:17:50","guid":{"rendered":"http:\/\/jlggb.net\/blog2\/?p=5395"},"modified":"2017-05-22T11:16:01","modified_gmt":"2017-05-22T10:16:01","slug":"5395","status":"publish","type":"post","link":"https:\/\/jlggb.net\/blog2\/?p=5395","title":{"rendered":"Portraits japonais"},"content":{"rendered":"<p><a href=\"https:\/\/jlggb.net\/blog2\/wp-content\/uploads\/2011\/05\/bal-japon.jpg\" data-rel=\"lightbox-image-0\" data-imagelightbox=\"0\" data-rl_title=\"\" data-rl_caption=\"\"><img loading=\"lazy\" decoding=\"async\" class=\"alignnone size-full wp-image-5396\" title=\"\" src=\"https:\/\/jlggb.net\/blog2\/wp-content\/uploads\/2011\/05\/bal-japon.jpg\" alt=\"\" width=\"640\" height=\"480\" srcset=\"https:\/\/jlggb.net\/blog2\/wp-content\/uploads\/2011\/05\/bal-japon.jpg 1280w, https:\/\/jlggb.net\/blog2\/wp-content\/uploads\/2011\/05\/bal-japon-300x225.jpg 300w, https:\/\/jlggb.net\/blog2\/wp-content\/uploads\/2011\/05\/bal-japon-1024x768.jpg 1024w, https:\/\/jlggb.net\/blog2\/wp-content\/uploads\/2011\/05\/bal-japon-150x112.jpg 150w\" sizes=\"auto, (max-width: 640px) 100vw, 640px\" \/><\/a><br \/>\nMercredi 19 mai 2011, 19h30-21h, impasse de la D\u00e9fense (Avenue de Clichy), Paris 18e. Pr\u00e9-vernissage au BAL de l&rsquo;exposition <em>Tokyo-e<\/em>, trois photographes japonais, Yukichi Watabe, Yutaka Takanashi, Keizo Kitajima. De ce denier, une s\u00e9rie \u00e9tonnante de portraits (ex\u00e9cut\u00e9s probablement sans cadrage visuel, \u00ab cam\u00e9ra \u00e0 la hanche \u00bb), qui font \u00e9cho pour moi aux meilleures photographies de Walker Evans, mais certainement plus violentes. Des \u00ab zombies \u00bb tels qu&rsquo;un Japonais marqu\u00e9 par l&rsquo;apr\u00e8s-guerre peut les avoir rep\u00e9r\u00e9s \u2014 au del\u00e0 de toute recherche d&rsquo;identit\u00e9, et donc aux antipodes d&rsquo;un August Sander \u2014 dans le Berlin des ann\u00e9es 80.<br \/>\n<span style=\"color: #ffffff;\">&#8211;<\/span><br \/>\n<a href=\"https:\/\/jlggb.net\/blog2\/wp-content\/uploads\/2011\/05\/katajima-03.jpg\" data-rel=\"lightbox-image-1\" data-imagelightbox=\"1\" data-rl_title=\"\" data-rl_caption=\"\"><img loading=\"lazy\" decoding=\"async\" class=\"alignnone size-full wp-image-5400\" title=\"\" src=\"https:\/\/jlggb.net\/blog2\/wp-content\/uploads\/2011\/05\/katajima-03.jpg\" alt=\"\" width=\"213\" height=\"304\" srcset=\"https:\/\/jlggb.net\/blog2\/wp-content\/uploads\/2011\/05\/katajima-03.jpg 800w, https:\/\/jlggb.net\/blog2\/wp-content\/uploads\/2011\/05\/katajima-03-716x1024.jpg 716w\" sizes=\"auto, (max-width: 213px) 100vw, 213px\" \/><\/a><a href=\"https:\/\/jlggb.net\/blog2\/wp-content\/uploads\/2011\/05\/katajima-02.jpg\" data-rel=\"lightbox-image-2\" data-imagelightbox=\"2\" data-rl_title=\"\" data-rl_caption=\"\"><img loading=\"lazy\" decoding=\"async\" class=\"alignnone size-full wp-image-5399\" title=\"\" src=\"https:\/\/jlggb.net\/blog2\/wp-content\/uploads\/2011\/05\/katajima-02.jpg\" alt=\"\" width=\"213\" height=\"304\" \/><\/a><a href=\"https:\/\/jlggb.net\/blog2\/wp-content\/uploads\/2011\/05\/katajima-01.jpg\" data-rel=\"lightbox-image-3\" data-imagelightbox=\"3\" data-rl_title=\"\" data-rl_caption=\"\"><img loading=\"lazy\" decoding=\"async\" class=\"alignnone size-full wp-image-5398\" title=\"\" src=\"https:\/\/jlggb.net\/blog2\/wp-content\/uploads\/2011\/05\/katajima-01.jpg\" alt=\"\" width=\"213\" height=\"304\" srcset=\"https:\/\/jlggb.net\/blog2\/wp-content\/uploads\/2011\/05\/katajima-01.jpg 800w, https:\/\/jlggb.net\/blog2\/wp-content\/uploads\/2011\/05\/katajima-01-716x1024.jpg 716w\" sizes=\"auto, (max-width: 213px) 100vw, 213px\" \/><\/a><br \/>\nKeizo Kitajima (\u5317\u5cf6 \u656c\u4e09), <em>Septembre 1983 Berlin Est; <\/em><em>Mars 1984 Budapest; <\/em><em>Septembre 1983 Berlin. <\/em>Photos reproduites dans l&rsquo;exposition et l\u00e9g\u00e8rement recadr\u00e9es. (dr)<br \/>\n<em><br \/>\n<\/em><\/p>\n","protected":false},"excerpt":{"rendered":"<p>Mercredi 19 mai 2011, 19h30-21h, impasse de la D\u00e9fense (Avenue de Clichy), Paris 18e. Pr\u00e9-vernissage au BAL de l&rsquo;exposition Tokyo-e, trois photographes japonais, Yukichi Watabe, Yutaka Takanashi, Keizo Kitajima. De ce denier, une s\u00e9rie \u00e9tonnante de portraits (ex\u00e9cut\u00e9s probablement sans cadrage visuel, \u00ab cam\u00e9ra \u00e0 la hanche \u00bb), qui font \u00e9cho pour moi aux meilleures &hellip; <a href=\"https:\/\/jlggb.net\/blog2\/?p=5395\" class=\"more-link\">Continuer la lecture de <span class=\"screen-reader-text\">Portraits japonais<\/span><\/a><\/p>\n","protected":false},"author":2,"featured_media":0,"comment_status":"closed","ping_status":"closed","sticky":false,"template":"","format":"standard","meta":{"footnotes":""},"categories":[95,112],"tags":[690,113],"class_list":["post-5395","post","type-post","status-publish","format-standard","hentry","category-exposition","category-photographie","tag-bal","tag-japon"],"_links":{"self":[{"href":"https:\/\/jlggb.net\/blog2\/index.php?rest_route=\/wp\/v2\/posts\/5395","targetHints":{"allow":["GET"]}}],"collection":[{"href":"https:\/\/jlggb.net\/blog2\/index.php?rest_route=\/wp\/v2\/posts"}],"about":[{"href":"https:\/\/jlggb.net\/blog2\/index.php?rest_route=\/wp\/v2\/types\/post"}],"author":[{"embeddable":true,"href":"https:\/\/jlggb.net\/blog2\/index.php?rest_route=\/wp\/v2\/users\/2"}],"replies":[{"embeddable":true,"href":"https:\/\/jlggb.net\/blog2\/index.php?rest_route=%2Fwp%2Fv2%2Fcomments&post=5395"}],"version-history":[{"count":2,"href":"https:\/\/jlggb.net\/blog2\/index.php?rest_route=\/wp\/v2\/posts\/5395\/revisions"}],"predecessor-version":[{"id":8116,"href":"https:\/\/jlggb.net\/blog2\/index.php?rest_route=\/wp\/v2\/posts\/5395\/revisions\/8116"}],"wp:attachment":[{"href":"https:\/\/jlggb.net\/blog2\/index.php?rest_route=%2Fwp%2Fv2%2Fmedia&parent=5395"}],"wp:term":[{"taxonomy":"category","embeddable":true,"href":"https:\/\/jlggb.net\/blog2\/index.php?rest_route=%2Fwp%2Fv2%2Fcategories&post=5395"},{"taxonomy":"post_tag","embeddable":true,"href":"https:\/\/jlggb.net\/blog2\/index.php?rest_route=%2Fwp%2Fv2%2Ftags&post=5395"}],"curies":[{"name":"wp","href":"https:\/\/api.w.org\/{rel}","templated":true}]}}