{"id":5344,"date":"2011-05-14T19:00:03","date_gmt":"2011-05-14T17:00:03","guid":{"rendered":"http:\/\/jlggb.net\/blog2\/?p=5344"},"modified":"2024-10-14T22:38:04","modified_gmt":"2024-10-14T21:38:04","slug":"un-hotel-pres-de-la-tour-eiffel","status":"publish","type":"post","link":"https:\/\/jlggb.net\/blog2\/?p=5344","title":{"rendered":"Un h\u00f4tel pr\u00e8s de la Tour Eiffel"},"content":{"rendered":"<p><a href=\"https:\/\/jlggb.net\/blog2\/wp-content\/uploads\/2011\/05\/pullman-eiffel.jpg\" data-rel=\"lightbox-image-0\" data-imagelightbox=\"0\" data-rl_title=\"\" data-rl_caption=\"\"><img loading=\"lazy\" decoding=\"async\" class=\"alignnone size-full wp-image-5346\" title=\"\" src=\"https:\/\/jlggb.net\/blog2\/wp-content\/uploads\/2011\/05\/pullman-eiffel.jpg\" alt=\"\" width=\"640\" height=\"480\" srcset=\"https:\/\/jlggb.net\/blog2\/wp-content\/uploads\/2011\/05\/pullman-eiffel.jpg 1280w, https:\/\/jlggb.net\/blog2\/wp-content\/uploads\/2011\/05\/pullman-eiffel-300x225.jpg 300w, https:\/\/jlggb.net\/blog2\/wp-content\/uploads\/2011\/05\/pullman-eiffel-1024x768.jpg 1024w, https:\/\/jlggb.net\/blog2\/wp-content\/uploads\/2011\/05\/pullman-eiffel-150x112.jpg 150w\" sizes=\"auto, (max-width: 640px) 100vw, 640px\" \/><\/a><br \/>\n<a href=\"https:\/\/jlggb.net\/blog2\/wp-content\/uploads\/2011\/05\/pullman-escalier.jpg\" data-rel=\"lightbox-image-1\" data-imagelightbox=\"1\" data-rl_title=\"\" data-rl_caption=\"\"><img loading=\"lazy\" decoding=\"async\" class=\"alignnone size-full wp-image-5347\" title=\"\" src=\"https:\/\/jlggb.net\/blog2\/wp-content\/uploads\/2011\/05\/pullman-escalier.jpg\" alt=\"\" width=\"640\" height=\"480\" srcset=\"https:\/\/jlggb.net\/blog2\/wp-content\/uploads\/2011\/05\/pullman-escalier.jpg 1280w, https:\/\/jlggb.net\/blog2\/wp-content\/uploads\/2011\/05\/pullman-escalier-300x225.jpg 300w, https:\/\/jlggb.net\/blog2\/wp-content\/uploads\/2011\/05\/pullman-escalier-1024x768.jpg 1024w, https:\/\/jlggb.net\/blog2\/wp-content\/uploads\/2011\/05\/pullman-escalier-150x112.jpg 150w\" sizes=\"auto, (max-width: 640px) 100vw, 640px\" \/><\/a><br \/>\nSamedi 14 mai 2011, 19h, Hotel Pullman Paris Tour Eiffel, 18 Avenue de Suffren, Paris 15e. Ce n&rsquo;est pas tous les jours qu&rsquo;on photographie la Tour Eiffel.<\/p>\n<p>Id\u00e9alement situ\u00e9 sur la rive gauche de Paris, \u00e0 quelques pas de la  Tour Eiffel, le Pullman Paris Tour Eiffel combine harmonieusement voyage  d&rsquo;affaires et s\u00e9jour d&rsquo;agr\u00e9ment haut de gamme. D\u00e8s l&rsquo;accueil attentif  et personnalis\u00e9, tout est mis en oeuvre pour offrir \u00e0 chaque h\u00f4te  bien-\u00eatre, convivialit\u00e9 et connectivit\u00e9, dans un cadre raffin\u00e9. Avec le  wifi g\u00e9n\u00e9ralis\u00e9 et 1300 m2 d\u00e9di\u00e9s, l&rsquo;h\u00f4tel dispose des \u00e9quipements  essentiels au parfait d\u00e9roulement de vos r\u00e9unions, s\u00e9minaires ou  conf\u00e9rences. (<a href=\"http:\/\/www.pullmanhotels.com\/fr\/hotel-7229-pullman-paris-tour-eiffel\/index.shtml\" target=\"_blank\" rel=\"noopener\">Site de l&rsquo;h\u00f4tel<\/a>)<\/p>\n","protected":false},"excerpt":{"rendered":"<p>Samedi 14 mai 2011, 19h, Hotel Pullman Paris Tour Eiffel, 18 Avenue de Suffren, Paris 15e. Ce n&rsquo;est pas tous les jours qu&rsquo;on photographie la Tour Eiffel. Id\u00e9alement situ\u00e9 sur la rive gauche de Paris, \u00e0 quelques pas de la Tour Eiffel, le Pullman Paris Tour Eiffel combine harmonieusement voyage d&rsquo;affaires et s\u00e9jour d&rsquo;agr\u00e9ment haut &hellip; <a href=\"https:\/\/jlggb.net\/blog2\/?p=5344\" class=\"more-link\">Continuer la lecture de <span class=\"screen-reader-text\">Un h\u00f4tel pr\u00e8s de la Tour Eiffel<\/span><\/a><\/p>\n","protected":false},"author":2,"featured_media":0,"comment_status":"closed","ping_status":"closed","sticky":false,"template":"","format":"standard","meta":{"footnotes":""},"categories":[45,144,211],"tags":[686,230],"class_list":["post-5344","post","type-post","status-publish","format-standard","hentry","category-architecture","category-escalier","category-vue","tag-eiffel","tag-paris"],"_links":{"self":[{"href":"https:\/\/jlggb.net\/blog2\/index.php?rest_route=\/wp\/v2\/posts\/5344","targetHints":{"allow":["GET"]}}],"collection":[{"href":"https:\/\/jlggb.net\/blog2\/index.php?rest_route=\/wp\/v2\/posts"}],"about":[{"href":"https:\/\/jlggb.net\/blog2\/index.php?rest_route=\/wp\/v2\/types\/post"}],"author":[{"embeddable":true,"href":"https:\/\/jlggb.net\/blog2\/index.php?rest_route=\/wp\/v2\/users\/2"}],"replies":[{"embeddable":true,"href":"https:\/\/jlggb.net\/blog2\/index.php?rest_route=%2Fwp%2Fv2%2Fcomments&post=5344"}],"version-history":[{"count":1,"href":"https:\/\/jlggb.net\/blog2\/index.php?rest_route=\/wp\/v2\/posts\/5344\/revisions"}],"predecessor-version":[{"id":8450,"href":"https:\/\/jlggb.net\/blog2\/index.php?rest_route=\/wp\/v2\/posts\/5344\/revisions\/8450"}],"wp:attachment":[{"href":"https:\/\/jlggb.net\/blog2\/index.php?rest_route=%2Fwp%2Fv2%2Fmedia&parent=5344"}],"wp:term":[{"taxonomy":"category","embeddable":true,"href":"https:\/\/jlggb.net\/blog2\/index.php?rest_route=%2Fwp%2Fv2%2Fcategories&post=5344"},{"taxonomy":"post_tag","embeddable":true,"href":"https:\/\/jlggb.net\/blog2\/index.php?rest_route=%2Fwp%2Fv2%2Ftags&post=5344"}],"curies":[{"name":"wp","href":"https:\/\/api.w.org\/{rel}","templated":true}]}}