{"id":5260,"date":"2011-05-10T16:30:11","date_gmt":"2011-05-10T14:30:11","guid":{"rendered":"http:\/\/jlggb.net\/blog2\/?p=5260"},"modified":"2024-10-14T22:39:52","modified_gmt":"2024-10-14T21:39:52","slug":"manifestation-de-lappel-contre-la-nuit-securitaire","status":"publish","type":"post","link":"https:\/\/jlggb.net\/blog2\/?p=5260","title":{"rendered":"Manifestation de l&rsquo;Appel contre La Nuit S\u00e9curitaire"},"content":{"rendered":"<p><a href=\"https:\/\/jlggb.net\/blog2\/wp-content\/uploads\/2011\/05\/s\u00e9nat-psychiatrie.jpg\" data-rel=\"lightbox-image-0\" data-imagelightbox=\"0\" data-rl_title=\"\" data-rl_caption=\"\"><img loading=\"lazy\" decoding=\"async\" src=\"https:\/\/jlggb.net\/blog2\/wp-content\/uploads\/2011\/05\/s\u00e9nat-psychiatrie.jpg\" alt=\"\" title=\"\" width=\"640\" height=\"480\" class=\"alignnone size-full wp-image-5261\" \/><\/a><br \/>\nMardi 10 mai 2011, devant le S\u00e9nat, Paris, 16h-19h, manifestation de l&rsquo;Appel contre La Nuit S\u00e9curitaire&nbsp;: <\/p>\n<p>\u00ab Incroyable&nbsp;! Nous apprenons ce jour que le projet de loi a \u00e9t\u00e9 rejet\u00e9 par la commission des affaires sociales du S\u00e9nat pr\u00e9sid\u00e9e par Mme Muguette Dini. Tous les articles concernant les \u00ab\u00a0soins \u00bb sans consentement en ambulatoire ont \u00e9t\u00e9 rejet\u00e9s&nbsp;: le \u00ab NON \u00bb a \u00e9t\u00e9 vot\u00e9 par les s\u00e9nateurs centristes, les partis de gauche et plusieurs s\u00e9nateurs UMP. L\u2019avis de la C.N.C.D.H. (Commission Nationale Consultative des Droits de l\u2019Homme) et du Contr\u00f4leur G\u00e9n\u00e9ral des Lieux de privation de libert\u00e9 sont donc suivis d\u2019effet. Le projet de loi est inacceptable et doit se limiter \u00e0 ce qu\u2019impose le Conseil Constitutionnel (intervention du juge apr\u00e8s 15 jours). Aucune r\u00e9forme ne peut se faire avant une grande concertation de l\u2019ensemble des acteurs de la psychiatrie.\u00a0\u00bb<\/p>\n","protected":false},"excerpt":{"rendered":"<p>Mardi 10 mai 2011, devant le S\u00e9nat, Paris, 16h-19h, manifestation de l&rsquo;Appel contre La Nuit S\u00e9curitaire&nbsp;: \u00ab Incroyable&nbsp;! Nous apprenons ce jour que le projet de loi a \u00e9t\u00e9 rejet\u00e9 par la commission des affaires sociales du S\u00e9nat pr\u00e9sid\u00e9e par Mme Muguette Dini. Tous les articles concernant les \u00ab\u00a0soins \u00bb sans consentement en ambulatoire ont &hellip; <a href=\"https:\/\/jlggb.net\/blog2\/?p=5260\" class=\"more-link\">Continuer la lecture de <span class=\"screen-reader-text\">Manifestation de l&rsquo;Appel contre La Nuit S\u00e9curitaire<\/span><\/a><\/p>\n","protected":false},"author":2,"featured_media":0,"comment_status":"closed","ping_status":"closed","sticky":false,"template":"","format":"standard","meta":{"footnotes":""},"categories":[5,57],"tags":[672,671],"class_list":["post-5260","post","type-post","status-publish","format-standard","hentry","category-evenement","category-histoire","tag-politique","tag-psychiatrie"],"_links":{"self":[{"href":"https:\/\/jlggb.net\/blog2\/index.php?rest_route=\/wp\/v2\/posts\/5260","targetHints":{"allow":["GET"]}}],"collection":[{"href":"https:\/\/jlggb.net\/blog2\/index.php?rest_route=\/wp\/v2\/posts"}],"about":[{"href":"https:\/\/jlggb.net\/blog2\/index.php?rest_route=\/wp\/v2\/types\/post"}],"author":[{"embeddable":true,"href":"https:\/\/jlggb.net\/blog2\/index.php?rest_route=\/wp\/v2\/users\/2"}],"replies":[{"embeddable":true,"href":"https:\/\/jlggb.net\/blog2\/index.php?rest_route=%2Fwp%2Fv2%2Fcomments&post=5260"}],"version-history":[{"count":1,"href":"https:\/\/jlggb.net\/blog2\/index.php?rest_route=\/wp\/v2\/posts\/5260\/revisions"}],"predecessor-version":[{"id":8453,"href":"https:\/\/jlggb.net\/blog2\/index.php?rest_route=\/wp\/v2\/posts\/5260\/revisions\/8453"}],"wp:attachment":[{"href":"https:\/\/jlggb.net\/blog2\/index.php?rest_route=%2Fwp%2Fv2%2Fmedia&parent=5260"}],"wp:term":[{"taxonomy":"category","embeddable":true,"href":"https:\/\/jlggb.net\/blog2\/index.php?rest_route=%2Fwp%2Fv2%2Fcategories&post=5260"},{"taxonomy":"post_tag","embeddable":true,"href":"https:\/\/jlggb.net\/blog2\/index.php?rest_route=%2Fwp%2Fv2%2Ftags&post=5260"}],"curies":[{"name":"wp","href":"https:\/\/api.w.org\/{rel}","templated":true}]}}