{"id":5248,"date":"2011-05-09T22:45:25","date_gmt":"2011-05-09T23:45:25","guid":{"rendered":"http:\/\/jlggb.net\/blog2\/?p=5248"},"modified":"2020-05-03T16:59:18","modified_gmt":"2020-05-03T15:59:18","slug":"feu-inextinguible-1969","status":"publish","type":"post","link":"https:\/\/jlggb.net\/blog2\/?p=5248","title":{"rendered":"Wie man das wenden kann, 1969"},"content":{"rendered":"<p><a href=\"https:\/\/jlggb.net\/blog2\/wp-content\/uploads\/2011\/05\/wie-man.jpg\" data-rel=\"lightbox-image-0\" data-imagelightbox=\"0\" data-rl_title=\"\" data-rl_caption=\"\"><img loading=\"lazy\" decoding=\"async\" class=\"alignnone size-full wp-image-5249\" title=\"\" src=\"https:\/\/jlggb.net\/blog2\/wp-content\/uploads\/2011\/05\/wie-man.jpg\" alt=\"\" width=\"640\" height=\"480\" srcset=\"https:\/\/jlggb.net\/blog2\/wp-content\/uploads\/2011\/05\/wie-man.jpg 1280w, https:\/\/jlggb.net\/blog2\/wp-content\/uploads\/2011\/05\/wie-man-300x225.jpg 300w, https:\/\/jlggb.net\/blog2\/wp-content\/uploads\/2011\/05\/wie-man-1024x768.jpg 1024w, https:\/\/jlggb.net\/blog2\/wp-content\/uploads\/2011\/05\/wie-man-150x112.jpg 150w\" sizes=\"auto, (max-width: 640px) 100vw, 640px\" \/><\/a><br \/>\nLundi 9 mai 2011, 20h30, projection \u00e0 la Femis, Paris 18e. Harun Farocki, <em>Feu inextinguible<\/em>, 1969, film sur la guerre du Vietnam o\u00f9 l&rsquo;on ne voit pas directement la guerre mais, de fa\u00e7on th\u00e9\u00e2trale (et brechtienne), la fabrication du napalm. On note l&#8217;emploi, dat\u00e9 \u00e0 l&rsquo;extr\u00eame mais pertinent, du caract\u00e8re Cooper Black (voir le dossier \u00ab Cooper Black \u00bb).<\/p>\n","protected":false},"excerpt":{"rendered":"<p>Lundi 9 mai 2011, 20h30, projection \u00e0 la Femis, Paris 18e. Harun Farocki, Feu inextinguible, 1969, film sur la guerre du Vietnam o\u00f9 l&rsquo;on ne voit pas directement la guerre mais, de fa\u00e7on th\u00e9\u00e2trale (et brechtienne), la fabrication du napalm. On note l&#8217;emploi, dat\u00e9 \u00e0 l&rsquo;extr\u00eame mais pertinent, du caract\u00e8re Cooper Black (voir le dossier &hellip; <a href=\"https:\/\/jlggb.net\/blog2\/?p=5248\" class=\"more-link\">Continuer la lecture de <span class=\"screen-reader-text\">Wie man das wenden kann, 1969<\/span><\/a><\/p>\n","protected":false},"author":2,"featured_media":0,"comment_status":"closed","ping_status":"closed","sticky":false,"template":"","format":"standard","meta":{"footnotes":""},"categories":[109,57,10],"tags":[523,670,669],"class_list":["post-5248","post","type-post","status-publish","format-standard","hentry","category-cinema","category-histoire","category-typographie","tag-cooper-black","tag-guerre","tag-harun-farocki"],"_links":{"self":[{"href":"https:\/\/jlggb.net\/blog2\/index.php?rest_route=\/wp\/v2\/posts\/5248","targetHints":{"allow":["GET"]}}],"collection":[{"href":"https:\/\/jlggb.net\/blog2\/index.php?rest_route=\/wp\/v2\/posts"}],"about":[{"href":"https:\/\/jlggb.net\/blog2\/index.php?rest_route=\/wp\/v2\/types\/post"}],"author":[{"embeddable":true,"href":"https:\/\/jlggb.net\/blog2\/index.php?rest_route=\/wp\/v2\/users\/2"}],"replies":[{"embeddable":true,"href":"https:\/\/jlggb.net\/blog2\/index.php?rest_route=%2Fwp%2Fv2%2Fcomments&post=5248"}],"version-history":[{"count":2,"href":"https:\/\/jlggb.net\/blog2\/index.php?rest_route=\/wp\/v2\/posts\/5248\/revisions"}],"predecessor-version":[{"id":8259,"href":"https:\/\/jlggb.net\/blog2\/index.php?rest_route=\/wp\/v2\/posts\/5248\/revisions\/8259"}],"wp:attachment":[{"href":"https:\/\/jlggb.net\/blog2\/index.php?rest_route=%2Fwp%2Fv2%2Fmedia&parent=5248"}],"wp:term":[{"taxonomy":"category","embeddable":true,"href":"https:\/\/jlggb.net\/blog2\/index.php?rest_route=%2Fwp%2Fv2%2Fcategories&post=5248"},{"taxonomy":"post_tag","embeddable":true,"href":"https:\/\/jlggb.net\/blog2\/index.php?rest_route=%2Fwp%2Fv2%2Ftags&post=5248"}],"curies":[{"name":"wp","href":"https:\/\/api.w.org\/{rel}","templated":true}]}}