{"id":51,"date":"2009-12-05T19:00:15","date_gmt":"2009-12-05T19:00:15","guid":{"rendered":"http:\/\/jlggb.net\/blog2\/?p=51"},"modified":"2009-12-06T10:28:09","modified_gmt":"2009-12-06T10:28:09","slug":"signaletique","status":"publish","type":"post","link":"https:\/\/jlggb.net\/blog2\/?p=51","title":{"rendered":"Signal\u00e9tique"},"content":{"rendered":"<p><span><span><a href=\"https:\/\/jlggb.net\/blog2\/wp-content\/uploads\/2009\/12\/toilettes1.jpg\" data-rel=\"lightbox-image-0\" data-imagelightbox=\"0\" data-rl_title=\"\" data-rl_caption=\"\"><img loading=\"lazy\" decoding=\"async\" class=\"alignnone size-full wp-image-54\" title=\"\" src=\"https:\/\/jlggb.net\/blog2\/wp-content\/uploads\/2009\/12\/toilettes1.jpg\" alt=\"toilettes\" width=\"640\" height=\"480\" srcset=\"https:\/\/jlggb.net\/blog2\/wp-content\/uploads\/2009\/12\/toilettes1.jpg 1024w, https:\/\/jlggb.net\/blog2\/wp-content\/uploads\/2009\/12\/toilettes1-300x225.jpg 300w\" sizes=\"auto, (max-width: 640px) 100vw, 640px\" \/><\/a><br \/>\nParis, samedi 5 d\u00e9cembre 2009, vers 17h. Bar Le Voltigeur, 45 rue Francs Bourgeois<\/span>, 4e. Ce caf\u00e9 se trouve face au Centre culturel Suisse, endroit marqu\u00e9 <\/span><span>fin 2004 <\/span><span>par l&rsquo;intervention subversive* <\/span><span>de Thomas Hirschhorn (<\/span><em>Swiss Swiss Democracy<\/em>) <span>avec un environnement de ruban adh\u00e9sif brun que l&rsquo;on nomme depuis \u00ab du hirschhorn \u00bb. On se souvient avoir vu \u00e0<\/span><span> la terrasse, des ann\u00e9es avant, l&rsquo;actrice Dominique Laffin.<\/span><\/p>\n<p style=\"text-align: center;\"><span><a href=\"https:\/\/jlggb.net\/blog2\/wp-content\/uploads\/2009\/12\/dominique-laffin.jpg\" data-rel=\"lightbox-image-1\" data-imagelightbox=\"1\" data-rl_title=\"\" data-rl_caption=\"\"><img loading=\"lazy\" decoding=\"async\" class=\"size-full wp-image-64 aligncenter\" title=\"\" src=\"https:\/\/jlggb.net\/blog2\/wp-content\/uploads\/2009\/12\/dominique-laffin.jpg\" alt=\"dominique-laffin\" width=\"140\" height=\"210\" srcset=\"https:\/\/jlggb.net\/blog2\/wp-content\/uploads\/2009\/12\/dominique-laffin.jpg 316w, https:\/\/jlggb.net\/blog2\/wp-content\/uploads\/2009\/12\/dominique-laffin-200x300.jpg 200w\" sizes=\"auto, (max-width: 140px) 100vw, 140px\" \/><\/a><\/span><span>Dominique Laffin (1952-1985)<\/span><span>.<br \/>\n<\/span><\/p>\n<blockquote><p>* \u00ab L&rsquo;affaire Hirschhorn \u00bb&nbsp;: Institution priv\u00e9e mais subventionn\u00e9e par la Conf\u00e9d\u00e9ration, Pro Helvetia voit le jour en 1939, \u00e0 la veille de la deuxi\u00e8me guerre mondiale. A cette \u00e9poque menac\u00e9e par les Nazis rappelle Mathias Knauer, vice-pr\u00e9sident de la communaut\u00e9 Suisseculture, \u00ab Pro Helvetia a \u00e9t\u00e9 fond\u00e9e pour \u00e9viter les influences des politiques parce qu\u2019on ne voulait pas une culture d\u2019Etat. Pendant toute la p\u00e9riode de la guerre froide, la Suisse s\u2019est montr\u00e9e tr\u00e8s lib\u00e9rale en mati\u00e8re de culture. Mais apr\u00e8s la chute du mur, les politiciens ont chang\u00e9 d\u2019avis \u00bb.<br \/>\nIllustration de ce changement d\u2019attitude&nbsp;: l\u2019affaire Hirschhorn. En 2004, l\u2019artiste bernois Thomas Hirschhorn pr\u00e9sente au centre culturel suisse \u00e0 Paris &#8211; l\u2019une des antennes de Pro Helvetia \u00e0 l\u2019\u00e9tranger &#8211; une exposition dans laquelle il d\u00e9nonce l\u2019utilisation de la d\u00e9mocratie par Christoph Blocher notamment, le leader de l\u2019UDC entr\u00e9 quelques mois plus t\u00f4t au Conseil F\u00e9d\u00e9ral.<\/p>\n<p><a href=\"https:\/\/jlggb.net\/blog2\/wp-content\/uploads\/2009\/12\/paris-2004-thomas-hirschhorn-au-milieu-de-son-exposition-keystone.jpg\" data-rel=\"lightbox-image-2\" data-imagelightbox=\"2\" data-rl_title=\"\" data-rl_caption=\"\"><img loading=\"lazy\" decoding=\"async\" class=\"alignnone size-full wp-image-60\" title=\"\" src=\"https:\/\/jlggb.net\/blog2\/wp-content\/uploads\/2009\/12\/paris-2004-thomas-hirschhorn-au-milieu-de-son-exposition-keystone.jpg\" alt=\"paris-2004-thomas-hirschhorn-au-milieu-de-son-exposition-keystone\" width=\"200\" height=\"141\" srcset=\"https:\/\/jlggb.net\/blog2\/wp-content\/uploads\/2009\/12\/paris-2004-thomas-hirschhorn-au-milieu-de-son-exposition-keystone.jpg 640w, https:\/\/jlggb.net\/blog2\/wp-content\/uploads\/2009\/12\/paris-2004-thomas-hirschhorn-au-milieu-de-son-exposition-keystone-300x211.jpg 300w\" sizes=\"auto, (max-width: 200px) 100vw, 200px\" \/><\/a><br \/>\nThomas Hirschhorn au Centre culturel suisse en 2004.<\/p>\n<p>Le scandale est \u00e9norme. Dans un mouvement d\u2019humeur, le parlement coupe 1 million de francs dans les subventions \u00e0 Pro Helvetia. Un \u00e9pisode symptomatique \u00e0 l\u2019heure o\u00f9 ce m\u00eame parlement songe \u00e0 accorder davantage de pr\u00e9rogatives \u00e0 Pro Helvetia, au d\u00e9triment de l\u2019Office f\u00e9d\u00e9ral de la culture. (extrait du Blog de la Radio suisse romande)<br \/>\n<a href=\"http:\/\/blogs.rsr.ch\/passe-present\/pro-helvetia-de-1939-a-l\u2019affaire-hirschhorn\/\" target=\"_blank\">\u00c9couter une \u00e9mission de la RSR.<\/a><\/p><\/blockquote>\n<p><a href=\"https:\/\/jlggb.net\/blog2\/wp-content\/uploads\/2009\/12\/voltigeur.jpg\" data-rel=\"lightbox-image-3\" data-imagelightbox=\"3\" data-rl_title=\"\" data-rl_caption=\"\"><img loading=\"lazy\" decoding=\"async\" class=\"alignnone size-full wp-image-59\" title=\"\" src=\"https:\/\/jlggb.net\/blog2\/wp-content\/uploads\/2009\/12\/voltigeur.jpg\" alt=\"voltigeur\" width=\"640\" height=\"400\" srcset=\"https:\/\/jlggb.net\/blog2\/wp-content\/uploads\/2009\/12\/voltigeur.jpg 1024w, https:\/\/jlggb.net\/blog2\/wp-content\/uploads\/2009\/12\/voltigeur-300x187.jpg 300w\" sizes=\"auto, (max-width: 640px) 100vw, 640px\" \/><\/a><br \/>\nCaf\u00e9 Le Voltigeur. Sur cette image Street View, on voit l&rsquo;enseigne Muji qui contribue \u00e0 faire de ce carrefour un point strat\u00e9gique. Exemple,\u00a0 samedi 5 d\u00e9cembre vers 18h&nbsp;: acquisition d&rsquo;un sceau en plastique translucide.<\/p>\n<p style=\"text-align: center;\"><a href=\"https:\/\/jlggb.net\/blog2\/wp-content\/uploads\/2009\/12\/sceau-muji.jpg\" data-rel=\"lightbox-image-4\" data-imagelightbox=\"4\" data-rl_title=\"\" data-rl_caption=\"\"><img loading=\"lazy\" decoding=\"async\" class=\"size-full wp-image-62 aligncenter\" title=\"\" src=\"https:\/\/jlggb.net\/blog2\/wp-content\/uploads\/2009\/12\/sceau-muji.jpg\" alt=\"sceau-muji\" width=\"140\" height=\"208\" \/><br \/>\n<\/a>Muji&nbsp;: sceau de 8 litres en polypropyl\u00e8ne.<\/p>\n","protected":false},"excerpt":{"rendered":"<p>Paris, samedi 5 d\u00e9cembre 2009, vers 17h. Bar Le Voltigeur, 45 rue Francs Bourgeois, 4e. Ce caf\u00e9 se trouve face au Centre culturel Suisse, endroit marqu\u00e9 fin 2004 par l&rsquo;intervention subversive* de Thomas Hirschhorn (Swiss Swiss Democracy) avec un environnement de ruban adh\u00e9sif brun que l&rsquo;on nomme depuis \u00ab du hirschhorn \u00bb. On se souvient &hellip; <a href=\"https:\/\/jlggb.net\/blog2\/?p=51\" class=\"more-link\">Continuer la lecture de <span class=\"screen-reader-text\">Signal\u00e9tique<\/span><\/a><\/p>\n","protected":false},"author":2,"featured_media":0,"comment_status":"closed","ping_status":"closed","sticky":false,"template":"","format":"standard","meta":{"footnotes":""},"categories":[7,17,10],"tags":[18,22,21,19],"class_list":["post-51","post","type-post","status-publish","format-standard","hentry","category-moment","category-observation","category-typographie","tag-cafe","tag-dominique-laffin","tag-muji","tag-thomas-hirschhorn"],"_links":{"self":[{"href":"https:\/\/jlggb.net\/blog2\/index.php?rest_route=\/wp\/v2\/posts\/51","targetHints":{"allow":["GET"]}}],"collection":[{"href":"https:\/\/jlggb.net\/blog2\/index.php?rest_route=\/wp\/v2\/posts"}],"about":[{"href":"https:\/\/jlggb.net\/blog2\/index.php?rest_route=\/wp\/v2\/types\/post"}],"author":[{"embeddable":true,"href":"https:\/\/jlggb.net\/blog2\/index.php?rest_route=\/wp\/v2\/users\/2"}],"replies":[{"embeddable":true,"href":"https:\/\/jlggb.net\/blog2\/index.php?rest_route=%2Fwp%2Fv2%2Fcomments&post=51"}],"version-history":[{"count":0,"href":"https:\/\/jlggb.net\/blog2\/index.php?rest_route=\/wp\/v2\/posts\/51\/revisions"}],"wp:attachment":[{"href":"https:\/\/jlggb.net\/blog2\/index.php?rest_route=%2Fwp%2Fv2%2Fmedia&parent=51"}],"wp:term":[{"taxonomy":"category","embeddable":true,"href":"https:\/\/jlggb.net\/blog2\/index.php?rest_route=%2Fwp%2Fv2%2Fcategories&post=51"},{"taxonomy":"post_tag","embeddable":true,"href":"https:\/\/jlggb.net\/blog2\/index.php?rest_route=%2Fwp%2Fv2%2Ftags&post=51"}],"curies":[{"name":"wp","href":"https:\/\/api.w.org\/{rel}","templated":true}]}}