{"id":485,"date":"2009-12-26T15:00:03","date_gmt":"2009-12-26T15:00:03","guid":{"rendered":"http:\/\/jlggb.net\/blog2\/?p=485"},"modified":"2009-12-27T00:31:44","modified_gmt":"2009-12-27T00:31:44","slug":"soleil-1937","status":"publish","type":"post","link":"https:\/\/jlggb.net\/blog2\/?p=485","title":{"rendered":"Soleil 1937"},"content":{"rendered":"<p><a href=\"https:\/\/jlggb.net\/blog2\/wp-content\/uploads\/2009\/12\/palais-porte.jpg\" data-rel=\"lightbox-image-0\" data-imagelightbox=\"0\" data-rl_title=\"\" data-rl_caption=\"\"><img loading=\"lazy\" decoding=\"async\" class=\"alignnone size-full wp-image-486\" title=\"\" src=\"https:\/\/jlggb.net\/blog2\/wp-content\/uploads\/2009\/12\/palais-porte.jpg\" alt=\"\" width=\"640\" height=\"480\" srcset=\"https:\/\/jlggb.net\/blog2\/wp-content\/uploads\/2009\/12\/palais-porte.jpg 1280w, https:\/\/jlggb.net\/blog2\/wp-content\/uploads\/2009\/12\/palais-porte-300x225.jpg 300w, https:\/\/jlggb.net\/blog2\/wp-content\/uploads\/2009\/12\/palais-porte-1024x768.jpg 1024w\" sizes=\"auto, (max-width: 640px) 100vw, 640px\" \/><\/a><a href=\"https:\/\/jlggb.net\/blog2\/wp-content\/uploads\/2009\/12\/palais-soleil-1937.jpg\" data-rel=\"lightbox-image-1\" data-imagelightbox=\"1\" data-rl_title=\"\" data-rl_caption=\"\"><img loading=\"lazy\" decoding=\"async\" class=\"alignnone size-full wp-image-487\" title=\"\" src=\"https:\/\/jlggb.net\/blog2\/wp-content\/uploads\/2009\/12\/palais-soleil-1937.jpg\" alt=\"\" width=\"640\" height=\"480\" srcset=\"https:\/\/jlggb.net\/blog2\/wp-content\/uploads\/2009\/12\/palais-soleil-1937.jpg 1280w, https:\/\/jlggb.net\/blog2\/wp-content\/uploads\/2009\/12\/palais-soleil-1937-300x225.jpg 300w, https:\/\/jlggb.net\/blog2\/wp-content\/uploads\/2009\/12\/palais-soleil-1937-1024x768.jpg 1024w\" sizes=\"auto, (max-width: 640px) 100vw, 640px\" \/><\/a><br \/>\nSamedi 26 d\u00e9cembre 2009, 15h. Paris, Palais de Tokyo, Mus\u00e9e d&rsquo;art moderne de la Ville de Paris. <a href=\"http:\/\/www.art-home-electrolux.com\/fr\/\" target=\"_blank\">Pos\u00e9 sur le toit,<\/a> l<a href=\"http:\/\/www.art-home-electrolux.com\/fr\/\" target=\"_blank\">e pavillon \u00ab Nomiya \u00bb, dessin\u00e9 par Laurent Grasso, est une op\u00e9ration m\u00e9diatique (Electrolux, etc.)<\/a> r\u00e9solument snob, mais aussi une proposition po\u00e9tique (toute proportions gard\u00e9es, on peut la rapprocher de ce que dit Barthes de la Tour Eiffel dans son livre \u00e9dit\u00e9 par Delpire en 1964&nbsp;: \u00ab spectacle regard\u00e9 et regardant, \u00e9difice inutile et irrempla\u00e7able, &#8230;) \u00e0 la mesure d&rsquo;une ville qui se patrimonialise et se virtualise (c&rsquo;est d&rsquo;abord un site Internet, \u00e7a ressemble \u00e0 Second Life, etc.) \u2014 On reviendra bient\u00f4t en savoir plus.<br \/>\nSur ces b\u00e2timents contemporains aussi bien du Front populaire que du fascisme, un soleil rayonnant est toujours suspect. Les petites statues de bronze (je n&rsquo;ai pas encore trouv\u00e9 leur auteur), qui sont les poign\u00e9es des portes du Mus\u00e9e de la Ville c\u00f4t\u00e9 terrasse, n&rsquo;\u00e9chappent pas \u00e0 ce contraste et \u00e0 cette ambigu\u00eft\u00e9, mais elles sont attrayantes au voir et au toucher.<\/p>\n","protected":false},"excerpt":{"rendered":"<p>Samedi 26 d\u00e9cembre 2009, 15h. Paris, Palais de Tokyo, Mus\u00e9e d&rsquo;art moderne de la Ville de Paris. Pos\u00e9 sur le toit, le pavillon \u00ab Nomiya \u00bb, dessin\u00e9 par Laurent Grasso, est une op\u00e9ration m\u00e9diatique (Electrolux, etc.) r\u00e9solument snob, mais aussi une proposition po\u00e9tique (toute proportions gard\u00e9es, on peut la rapprocher de ce que dit Barthes &hellip; <a href=\"https:\/\/jlggb.net\/blog2\/?p=485\" class=\"more-link\">Continuer la lecture de <span class=\"screen-reader-text\">Soleil 1937<\/span><\/a><\/p>\n","protected":false},"author":2,"featured_media":0,"comment_status":"closed","ping_status":"closed","sticky":false,"template":"","format":"standard","meta":{"footnotes":""},"categories":[45,51,71,74],"tags":[105,106,104,107],"class_list":["post-485","post","type-post","status-publish","format-standard","hentry","category-architecture","category-decor","category-dispositif","category-monument","tag-105","tag-bronze","tag-palais-de-tokyo","tag-soleil"],"_links":{"self":[{"href":"https:\/\/jlggb.net\/blog2\/index.php?rest_route=\/wp\/v2\/posts\/485","targetHints":{"allow":["GET"]}}],"collection":[{"href":"https:\/\/jlggb.net\/blog2\/index.php?rest_route=\/wp\/v2\/posts"}],"about":[{"href":"https:\/\/jlggb.net\/blog2\/index.php?rest_route=\/wp\/v2\/types\/post"}],"author":[{"embeddable":true,"href":"https:\/\/jlggb.net\/blog2\/index.php?rest_route=\/wp\/v2\/users\/2"}],"replies":[{"embeddable":true,"href":"https:\/\/jlggb.net\/blog2\/index.php?rest_route=%2Fwp%2Fv2%2Fcomments&post=485"}],"version-history":[{"count":0,"href":"https:\/\/jlggb.net\/blog2\/index.php?rest_route=\/wp\/v2\/posts\/485\/revisions"}],"wp:attachment":[{"href":"https:\/\/jlggb.net\/blog2\/index.php?rest_route=%2Fwp%2Fv2%2Fmedia&parent=485"}],"wp:term":[{"taxonomy":"category","embeddable":true,"href":"https:\/\/jlggb.net\/blog2\/index.php?rest_route=%2Fwp%2Fv2%2Fcategories&post=485"},{"taxonomy":"post_tag","embeddable":true,"href":"https:\/\/jlggb.net\/blog2\/index.php?rest_route=%2Fwp%2Fv2%2Ftags&post=485"}],"curies":[{"name":"wp","href":"https:\/\/api.w.org\/{rel}","templated":true}]}}